{"id":1348,"date":"2012-03-24T14:30:36","date_gmt":"2012-03-24T12:30:36","guid":{"rendered":"http:\/\/omnia.alte-messe-bistum-speyer.de\/?p=1348"},"modified":"2021-11-02T08:07:05","modified_gmt":"2021-11-02T07:07:05","slug":"kurze-erzahlung-vom-antichrist-05","status":"publish","type":"post","link":"http:\/\/omnia.alte-messe-bistum-speyer.de\/?p=1348","title":{"rendered":"Kurze Erz\u00e4hlung vom Antichrist (05)"},"content":{"rendered":"<p>(Fortsetzung: Der \u00dcbermensch &#8211; <a href=\"http:\/\/omnia.alte-messe-bistum-speyer.de\/?p=1345\">zur\u00fcck<\/a> &#8211; <a href=\"http:\/\/omnia.alte-messe-bistum-speyer.de\/?p=1355\">weiter<\/a>)<\/p>\n<p>Schaum vor dem Munde, entflieht er in jagender Hast dem Hause, dem Garten, in die unheimliche und finstere Nacht hinaus. Er eilt einen steinigen Saumpfad bergan. Allm\u00e4hlich legt sich seine Wut. Sie macht einer Hoffnungslosigkeit Platz, die so ausgebrannt und lastend wie diese Felsen, die so dunkel wie diese Nacht ist. Vor einem j\u00e4hen Abgrund bleibt er stehen, aus der Tiefe h\u00f6rt er einen tosenden Wildbach, der \u00fcber Ger\u00f6ll hinabst\u00fcrzt. Eine wilde Qual pre\u00dft sein Herz.<\/p>\n<p>Pl\u00f6tzlich r\u00fchrt etwas an sein Inneres: &#8222;Soll ich Ihn beschw\u00f6ren, Ihn fragen, was ich tun soll?&#8220; In der Finsternis erblickt er ein sanftes und trauriges Gesicht. &#8222;Er hat Mitleid mit mir &#8230; nein, niemals! Er ist nie auferstanden!&#8220;<br \/>\nUnd er st\u00fcrzt sich in den Abgrund.<\/p>\n<p>Doch da h\u00e4lt ihn etwas Unfa\u00dfbares, etwas wie eine Wassers\u00e4ule auf. Er f\u00fchlt eine Ersch\u00fctterung wie von einem elektrischen Schlage, und eine geheimnisvolle Kraft wirft ihn zur\u00fcck. F\u00fcr einen Augenblick verliert er das Bewu\u00dftsein. Als er wieder zu sich kommt, liegt er wenige Schritte vor dem Abgrund auf den Knien. Vor ihm erstrahlt wie durch Nebel in phosphorischem Licht ein Gesicht. Zwei Augen bohren sich mit unertr\u00e4glichem und schneidendem Glanz in seine Seele. Erstarrt unter diesem hypnotischen Blick h\u00f6rt er eine Stimme, ohne erraten zu k\u00f6nnen, ob sie aus seinem Innern oder von au\u00dfen her kommt. Es ist eine seltsame Stimme, dumpf und dennoch klar, aber seelenlos wie schwingendes Metall.<\/p>\n<p>So, als k\u00e4me sie aus einer Sprechmaschine, spricht sie ihn an: &#8222;Du bist mein geliebter Sohn, an dem ich mein Wohlgefallen habe! Warum hast Du nicht mich gesucht? Warum hast Du jenen anderen vorgezogen, den Falschen und seinen Vater? Dein Gott und Dein Vater bin ich. Jener Bettler aber, der Gekreuzigte, ist mir und Dir fremd. Ich habe keinen anderen Sohn als Dich. Du bist der Einzige, der Eingeborene, der Ebenb\u00fcrtige. Ich liebe Dich und ich fordere nichts von Dir. Du bist so sch\u00f6n, so gro\u00df und so m\u00e4chtig. Vollbringe Dein Werk in Deinem, nicht in meinem Namen. Kein Neid gegen Dich ist in mir. Ich liebe Dich und ich will nichts von Dir. Der andere, jener, von dem Du geglaubt hast, Er sei Gott, forderte von seinem Sohn Gehorsam, unbegrenzten Gehorsam bis zum Kreuzestod \u2014 und dann verlie\u00df Er ihn. Ich aber werde Dir helfen, ohne etwas von Dir zu fordern. Aus einer uneigenn\u00fctzigen Liebe zu Dir, um Deiner W\u00fcrde willen werde ich Dir helfen. Empfange meinen Geist! Wie einst mein Geist Dich in Sch\u00f6nheit hervorgehen lie\u00df, so wird er Dich jetzt in Kraft neu erstehen lassen.&#8220;<\/p>\n<p>Bei diesen Worten des Geheimnisvollen \u00f6ffneten sich unwillk\u00fcrlich die Lippen des \u00dcbermenschen. Seinem Gesicht n\u00e4herten sich die zwei durchdringenden Augen. Er f\u00fchlte, wie ein eiskaltes Feuer ihn durchstr\u00f6mte und sein ganzes Wesen erf\u00fcllte. Aber zugleich empfand er auch eine nie gekannte Kraft, K\u00fchnheit, Unbeschwertheit und Begeisterung.<\/p>\n<p>Im selben Augenblick erlosch die schimmernde Erscheinung und mit ihr das Augenpaar. Irgendetwas erhob den \u00dcbermenschen weit \u00fcber die Erde hinaus und lie\u00df ihn ebenso pl\u00f6tzlich wieder in seinem Garten, an der Schwelle des Hauses nieder.<\/p>\n<p>Am n\u00e4chsten Tage waren nicht nur die Besucher, sondern auch die Diener des gro\u00dfen Mannes erstaunt \u00fcber den vergeistigten Ausdruck seines Gesichtes. Sie w\u00e4ren noch mehr \u00fcberrascht gewesen, h\u00e4tten sie sehen k\u00f6nnen, wie er, eingeschlossen in seinem Arbeitszimmer, mit \u00fcbernat\u00fcrlicher Schnelligkeit und Leichtigkeit sein ber\u00fchmtes Werk schrieb, das den Titel trug: &#8222;Offener Weg zum Weltfrieden und allgemeinen Wohlstand.&#8220;<\/p>\n<p>Die fr\u00fcheren Schriften und die soziale T\u00e4tigkeit des \u00dcbermenschen hatten manche strenge Kritik gefunden. Doch diese Kritik war haupts\u00e4chlich von rein religi\u00f6sen Menschen ge\u00fcbt worden, die allein schon deshalb keinen Einflu\u00df besa\u00dfen. \u2014 Denn es ist ja von jenen Zeiten die Rede, in denen der Antichrist auftrat. Daher hatte man auch kaum auf die Kritiker geh\u00f6rt, die in allen Werken und Reden dieses Mannes der Zukunft Anzeichen einer au\u00dferordentlichen Selbstliebe, eines starken D\u00fcnkels und den Mangel jeder Einfachheit und wahren Herzensw\u00e4rme betonten. Sein neues Werk gewann aber selbst einige seiner bisherigen Kritiker und Gegner.<\/p>\n<p>Dieses Buch, unmittelbar nach dem Erlebnis am Abgrunde geschrieben, offenbarte eine vorher noch unbekannte Kraft seines Genies. Es war etwas Allumfassendes, in dem sich alle Widerspr\u00fcche l\u00f6sten. Hier vereinigten sich vornehme Ehrerbietung vor den \u00dcberlieferungen und Symbolen der Vergangenheit und weitgehender k\u00fchner Radikalismus in den politischen wie sozialen Sehns\u00fcchten und Forderungen, unbegrenzte Gedankenfreiheit und tiefstes Verst\u00e4ndnis der Mystik, bedingungsloser Individualismus mit begeisterter Hingabe an das Allgemeinwohl, erhabener Idealismus in den Prinzipien und Bestimmtheit wie Lebenserfahrung in den praktischen Entscheidungen.<br \/>\nUnd dies alles war durch ein so ideales K\u00fcnstlertum vereinigt und verbunden, da\u00df jeder Denker und jeder Praktiker das Ganze als seine Meinung auffassen konnte, also ohne etwas f\u00fcr die Wahrheit selbst zu opfern, ohne sich ihretwegen \u00fcber sein eigenes Ich erheben zu m\u00fcssen und ohne von seiner eigenen Befangenheit oder seinen Irrt\u00fcmern ablassen und ihre M\u00e4ngel berichtigen zu m\u00fcssen. In kurzer Zeit wurde dieses erstaunliche Buch in alle Kultursprachen und sogar in die Sprachen mehrerer Kolonialv\u00f6lker \u00fcbersetzt. Ein ganzes Jahr hindurch waren die Spalten tausender Zeitungen in allen Teilen der Welt ausgef\u00fcllt mit Anpreisungen der Verleger und begeisterten Besprechungen der Kritiker. Billige, mit dem Bild des Autors ausgestattete Volksausgaben wurden in Millionen Exemplaren verbreitet. Die ganze Kulturwelt \u2013 zu dieser Zeit schon fast der ganze Erdball \u2013 war erf\u00fcllt vom Ruhme dieses unvergleichlichen, gro\u00dfen und einzigartigen Mannes.<\/p>\n<p>Niemand widersprach diesem Buch, schien es doch tats\u00e4chlich die Offenbarung der ungeteilten Wahrheit zu sein. Hier wurde die Vergangenheit mit so viel Gerechtigkeit beurteilt, die Gegenwart so unparteiisch und allseitig gewertet, die sch\u00f6nere Zukunft so \u00fcberzeugend und anschaulich der Gegenwart nahegebracht, da\u00df jedermann sagte: &#8222;Das ist es, was wir n\u00f6tig haben, hier ist ein Ideal, das keine Utopie und kein Hirngespinst ist.&#8220; \u2013 Der begnadete Schriftsteller begeisterte nicht nur die ganze Welt, er war auch jedermann angenehm.<\/p>\n<p>So erf\u00fcllte sich das Wort Christi: &#8222;Ich kam im Namen meines Vaters und Ihr nehmt mich nicht auf; ein anderer aber wird in seinem eigenen Namen kommen und diesen werdet Ihr aufnehmen.&#8220;\u00a0 Um aufgenommen zu werden, mu\u00df man angenehm sein. Allerdings fragten sich einige gottesf\u00fcrchtige M\u00e4nner, die im \u00fcbrigen das Buch sehr lobten, warum Christus darin nicht ein einziges Mal erw\u00e4hnt w\u00fcrde. Darauf antworteten andere Christen: &#8222;Gott sei Dank! In den vergangenen Jahrhunderten wurde alles Heilige oft genug von unberufenen Eiferern entweiht, so da\u00df heute ein wirklich religi\u00f6ser Schriftsteller hierin sehr vorsichtig sein mu\u00df. Wenn aber der Inhalt eines Buches vom wahren Geist des Christentums, von t\u00e4tiger Liebe und allumfassender G\u00fcte durchdrungen ist, was braucht es da noch mehr?&#8220; Und damit gaben sich alle zufrieden.<\/p>\n<p>(Fortsetzung folgt)<\/p>\n<p><a href=\"..\/?tag=solovev\">Die Serie<\/a><\/p>\n","protected":false},"excerpt":{"rendered":"<p>(Fortsetzung: Der \u00dcbermensch &#8211; zur\u00fcck &#8211; weiter) Schaum vor dem Munde, entflieht er in jagender Hast dem Hause, dem Garten, in die unheimliche und finstere Nacht hinaus. Er eilt einen steinigen Saumpfad bergan. Allm\u00e4hlich legt sich seine Wut. Sie macht einer Hoffnungslosigkeit Platz, die so ausgebrannt und lastend wie diese Felsen, die so dunkel wie &hellip; <a href=\"http:\/\/omnia.alte-messe-bistum-speyer.de\/?p=1348\" class=\"more-link\"><span class=\"screen-reader-text\">Kurze Erz\u00e4hlung vom Antichrist (05)<\/span> weiterlesen<\/a><\/p>\n","protected":false},"author":2,"featured_media":0,"comment_status":"open","ping_status":"open","sticky":false,"template":"","format":"standard","meta":{"footnotes":""},"categories":[3],"tags":[169],"class_list":["post-1348","post","type-post","status-publish","format-standard","hentry","category-bewegendes","tag-solovev"],"yoast_head":"<!-- This site is optimized with the Yoast SEO plugin v25.8 - https:\/\/yoast.com\/wordpress\/plugins\/seo\/ -->\n<title>Kurze Erz\u00e4hlung vom Antichrist (05) - OmniBlog<\/title>\n<meta name=\"robots\" content=\"index, follow, max-snippet:-1, max-image-preview:large, max-video-preview:-1\" \/>\n<link rel=\"canonical\" href=\"http:\/\/omnia.alte-messe-bistum-speyer.de\/?p=1348\" \/>\n<meta property=\"og:locale\" content=\"de_DE\" \/>\n<meta property=\"og:type\" content=\"article\" \/>\n<meta property=\"og:title\" content=\"Kurze Erz\u00e4hlung vom Antichrist (05) - OmniBlog\" \/>\n<meta property=\"og:description\" content=\"(Fortsetzung: Der \u00dcbermensch &#8211; zur\u00fcck &#8211; weiter) Schaum vor dem Munde, entflieht er in jagender Hast dem Hause, dem Garten, in die unheimliche und finstere Nacht hinaus. Er eilt einen steinigen Saumpfad bergan. Allm\u00e4hlich legt sich seine Wut. Sie macht einer Hoffnungslosigkeit Platz, die so ausgebrannt und lastend wie diese Felsen, die so dunkel wie &hellip; Kurze Erz\u00e4hlung vom Antichrist (05) weiterlesen\" \/>\n<meta property=\"og:url\" content=\"http:\/\/omnia.alte-messe-bistum-speyer.de\/?p=1348\" \/>\n<meta property=\"og:site_name\" content=\"OmniBlog\" \/>\n<meta property=\"article:published_time\" content=\"2012-03-24T12:30:36+00:00\" \/>\n<meta property=\"article:modified_time\" content=\"2021-11-02T07:07:05+00:00\" \/>\n<meta name=\"author\" content=\"michael\" \/>\n<meta name=\"twitter:card\" content=\"summary_large_image\" \/>\n<meta name=\"twitter:label1\" content=\"Verfasst von\" \/>\n\t<meta name=\"twitter:data1\" content=\"michael\" \/>\n\t<meta name=\"twitter:label2\" content=\"Gesch\u00e4tzte Lesezeit\" \/>\n\t<meta name=\"twitter:data2\" content=\"6\u00a0Minuten\" \/>\n<script type=\"application\/ld+json\" class=\"yoast-schema-graph\">{\"@context\":\"https:\/\/schema.org\",\"@graph\":[{\"@type\":\"Article\",\"@id\":\"http:\/\/omnia.alte-messe-bistum-speyer.de\/?p=1348#article\",\"isPartOf\":{\"@id\":\"http:\/\/omnia.alte-messe-bistum-speyer.de\/?p=1348\"},\"author\":{\"name\":\"michael\",\"@id\":\"http:\/\/omnia.alte-messe-bistum-speyer.de\/#\/schema\/person\/f541313e5005fba6ea4b73092e894370\"},\"headline\":\"Kurze Erz\u00e4hlung vom Antichrist (05)\",\"datePublished\":\"2012-03-24T12:30:36+00:00\",\"dateModified\":\"2021-11-02T07:07:05+00:00\",\"mainEntityOfPage\":{\"@id\":\"http:\/\/omnia.alte-messe-bistum-speyer.de\/?p=1348\"},\"wordCount\":1162,\"commentCount\":0,\"publisher\":{\"@id\":\"http:\/\/omnia.alte-messe-bistum-speyer.de\/#organization\"},\"keywords\":[\"Solov'ev\"],\"articleSection\":[\"Bewegendes\"],\"inLanguage\":\"de\",\"potentialAction\":[{\"@type\":\"CommentAction\",\"name\":\"Comment\",\"target\":[\"http:\/\/omnia.alte-messe-bistum-speyer.de\/?p=1348#respond\"]}]},{\"@type\":\"WebPage\",\"@id\":\"http:\/\/omnia.alte-messe-bistum-speyer.de\/?p=1348\",\"url\":\"http:\/\/omnia.alte-messe-bistum-speyer.de\/?p=1348\",\"name\":\"Kurze Erz\u00e4hlung vom Antichrist (05) - OmniBlog\",\"isPartOf\":{\"@id\":\"http:\/\/omnia.alte-messe-bistum-speyer.de\/#website\"},\"datePublished\":\"2012-03-24T12:30:36+00:00\",\"dateModified\":\"2021-11-02T07:07:05+00:00\",\"breadcrumb\":{\"@id\":\"http:\/\/omnia.alte-messe-bistum-speyer.de\/?p=1348#breadcrumb\"},\"inLanguage\":\"de\",\"potentialAction\":[{\"@type\":\"ReadAction\",\"target\":[\"http:\/\/omnia.alte-messe-bistum-speyer.de\/?p=1348\"]}]},{\"@type\":\"BreadcrumbList\",\"@id\":\"http:\/\/omnia.alte-messe-bistum-speyer.de\/?p=1348#breadcrumb\",\"itemListElement\":[{\"@type\":\"ListItem\",\"position\":1,\"name\":\"Startseite\",\"item\":\"http:\/\/omnia.alte-messe-bistum-speyer.de\/\"},{\"@type\":\"ListItem\",\"position\":2,\"name\":\"Kurze Erz\u00e4hlung vom Antichrist (05)\"}]},{\"@type\":\"WebSite\",\"@id\":\"http:\/\/omnia.alte-messe-bistum-speyer.de\/#website\",\"url\":\"http:\/\/omnia.alte-messe-bistum-speyer.de\/\",\"name\":\"OmniBlog\",\"description\":\"Katholischer Glaube - Christliche Werte\",\"publisher\":{\"@id\":\"http:\/\/omnia.alte-messe-bistum-speyer.de\/#organization\"},\"potentialAction\":[{\"@type\":\"SearchAction\",\"target\":{\"@type\":\"EntryPoint\",\"urlTemplate\":\"http:\/\/omnia.alte-messe-bistum-speyer.de\/?s={search_term_string}\"},\"query-input\":{\"@type\":\"PropertyValueSpecification\",\"valueRequired\":true,\"valueName\":\"search_term_string\"}}],\"inLanguage\":\"de\"},{\"@type\":\"Organization\",\"@id\":\"http:\/\/omnia.alte-messe-bistum-speyer.de\/#organization\",\"name\":\"Omniblog\",\"url\":\"http:\/\/omnia.alte-messe-bistum-speyer.de\/\",\"logo\":{\"@type\":\"ImageObject\",\"inLanguage\":\"de\",\"@id\":\"http:\/\/omnia.alte-messe-bistum-speyer.de\/#\/schema\/logo\/image\/\",\"url\":\"http:\/\/omnia.alte-messe-bistum-speyer.de\/wp-content\/uploads\/2020\/03\/HL.Messe_.png\",\"contentUrl\":\"http:\/\/omnia.alte-messe-bistum-speyer.de\/wp-content\/uploads\/2020\/03\/HL.Messe_.png\",\"width\":487,\"height\":666,\"caption\":\"Omniblog\"},\"image\":{\"@id\":\"http:\/\/omnia.alte-messe-bistum-speyer.de\/#\/schema\/logo\/image\/\"}},{\"@type\":\"Person\",\"@id\":\"http:\/\/omnia.alte-messe-bistum-speyer.de\/#\/schema\/person\/f541313e5005fba6ea4b73092e894370\",\"name\":\"michael\",\"image\":{\"@type\":\"ImageObject\",\"inLanguage\":\"de\",\"@id\":\"http:\/\/omnia.alte-messe-bistum-speyer.de\/#\/schema\/person\/image\/\",\"url\":\"https:\/\/secure.gravatar.com\/avatar\/628fc1e28cd3cb7f4bc24dc0226dff79d4105570d38e57124f0d8c38985f05aa?s=96&d=identicon&r=g\",\"contentUrl\":\"https:\/\/secure.gravatar.com\/avatar\/628fc1e28cd3cb7f4bc24dc0226dff79d4105570d38e57124f0d8c38985f05aa?s=96&d=identicon&r=g\",\"caption\":\"michael\"},\"sameAs\":[\"http:\/\/www.omnia-instaurare-in-christo.de\"],\"url\":\"http:\/\/omnia.alte-messe-bistum-speyer.de\/?author=2\"}]}<\/script>\n<!-- \/ Yoast SEO plugin. -->","yoast_head_json":{"title":"Kurze Erz\u00e4hlung vom Antichrist (05) - OmniBlog","robots":{"index":"index","follow":"follow","max-snippet":"max-snippet:-1","max-image-preview":"max-image-preview:large","max-video-preview":"max-video-preview:-1"},"canonical":"http:\/\/omnia.alte-messe-bistum-speyer.de\/?p=1348","og_locale":"de_DE","og_type":"article","og_title":"Kurze Erz\u00e4hlung vom Antichrist (05) - OmniBlog","og_description":"(Fortsetzung: Der \u00dcbermensch &#8211; zur\u00fcck &#8211; weiter) Schaum vor dem Munde, entflieht er in jagender Hast dem Hause, dem Garten, in die unheimliche und finstere Nacht hinaus. Er eilt einen steinigen Saumpfad bergan. Allm\u00e4hlich legt sich seine Wut. Sie macht einer Hoffnungslosigkeit Platz, die so ausgebrannt und lastend wie diese Felsen, die so dunkel wie &hellip; Kurze Erz\u00e4hlung vom Antichrist (05) weiterlesen","og_url":"http:\/\/omnia.alte-messe-bistum-speyer.de\/?p=1348","og_site_name":"OmniBlog","article_published_time":"2012-03-24T12:30:36+00:00","article_modified_time":"2021-11-02T07:07:05+00:00","author":"michael","twitter_card":"summary_large_image","twitter_misc":{"Verfasst von":"michael","Gesch\u00e4tzte Lesezeit":"6\u00a0Minuten"},"schema":{"@context":"https:\/\/schema.org","@graph":[{"@type":"Article","@id":"http:\/\/omnia.alte-messe-bistum-speyer.de\/?p=1348#article","isPartOf":{"@id":"http:\/\/omnia.alte-messe-bistum-speyer.de\/?p=1348"},"author":{"name":"michael","@id":"http:\/\/omnia.alte-messe-bistum-speyer.de\/#\/schema\/person\/f541313e5005fba6ea4b73092e894370"},"headline":"Kurze Erz\u00e4hlung vom Antichrist (05)","datePublished":"2012-03-24T12:30:36+00:00","dateModified":"2021-11-02T07:07:05+00:00","mainEntityOfPage":{"@id":"http:\/\/omnia.alte-messe-bistum-speyer.de\/?p=1348"},"wordCount":1162,"commentCount":0,"publisher":{"@id":"http:\/\/omnia.alte-messe-bistum-speyer.de\/#organization"},"keywords":["Solov'ev"],"articleSection":["Bewegendes"],"inLanguage":"de","potentialAction":[{"@type":"CommentAction","name":"Comment","target":["http:\/\/omnia.alte-messe-bistum-speyer.de\/?p=1348#respond"]}]},{"@type":"WebPage","@id":"http:\/\/omnia.alte-messe-bistum-speyer.de\/?p=1348","url":"http:\/\/omnia.alte-messe-bistum-speyer.de\/?p=1348","name":"Kurze Erz\u00e4hlung vom Antichrist (05) - OmniBlog","isPartOf":{"@id":"http:\/\/omnia.alte-messe-bistum-speyer.de\/#website"},"datePublished":"2012-03-24T12:30:36+00:00","dateModified":"2021-11-02T07:07:05+00:00","breadcrumb":{"@id":"http:\/\/omnia.alte-messe-bistum-speyer.de\/?p=1348#breadcrumb"},"inLanguage":"de","potentialAction":[{"@type":"ReadAction","target":["http:\/\/omnia.alte-messe-bistum-speyer.de\/?p=1348"]}]},{"@type":"BreadcrumbList","@id":"http:\/\/omnia.alte-messe-bistum-speyer.de\/?p=1348#breadcrumb","itemListElement":[{"@type":"ListItem","position":1,"name":"Startseite","item":"http:\/\/omnia.alte-messe-bistum-speyer.de\/"},{"@type":"ListItem","position":2,"name":"Kurze Erz\u00e4hlung vom Antichrist (05)"}]},{"@type":"WebSite","@id":"http:\/\/omnia.alte-messe-bistum-speyer.de\/#website","url":"http:\/\/omnia.alte-messe-bistum-speyer.de\/","name":"OmniBlog","description":"Katholischer Glaube - Christliche Werte","publisher":{"@id":"http:\/\/omnia.alte-messe-bistum-speyer.de\/#organization"},"potentialAction":[{"@type":"SearchAction","target":{"@type":"EntryPoint","urlTemplate":"http:\/\/omnia.alte-messe-bistum-speyer.de\/?s={search_term_string}"},"query-input":{"@type":"PropertyValueSpecification","valueRequired":true,"valueName":"search_term_string"}}],"inLanguage":"de"},{"@type":"Organization","@id":"http:\/\/omnia.alte-messe-bistum-speyer.de\/#organization","name":"Omniblog","url":"http:\/\/omnia.alte-messe-bistum-speyer.de\/","logo":{"@type":"ImageObject","inLanguage":"de","@id":"http:\/\/omnia.alte-messe-bistum-speyer.de\/#\/schema\/logo\/image\/","url":"http:\/\/omnia.alte-messe-bistum-speyer.de\/wp-content\/uploads\/2020\/03\/HL.Messe_.png","contentUrl":"http:\/\/omnia.alte-messe-bistum-speyer.de\/wp-content\/uploads\/2020\/03\/HL.Messe_.png","width":487,"height":666,"caption":"Omniblog"},"image":{"@id":"http:\/\/omnia.alte-messe-bistum-speyer.de\/#\/schema\/logo\/image\/"}},{"@type":"Person","@id":"http:\/\/omnia.alte-messe-bistum-speyer.de\/#\/schema\/person\/f541313e5005fba6ea4b73092e894370","name":"michael","image":{"@type":"ImageObject","inLanguage":"de","@id":"http:\/\/omnia.alte-messe-bistum-speyer.de\/#\/schema\/person\/image\/","url":"https:\/\/secure.gravatar.com\/avatar\/628fc1e28cd3cb7f4bc24dc0226dff79d4105570d38e57124f0d8c38985f05aa?s=96&d=identicon&r=g","contentUrl":"https:\/\/secure.gravatar.com\/avatar\/628fc1e28cd3cb7f4bc24dc0226dff79d4105570d38e57124f0d8c38985f05aa?s=96&d=identicon&r=g","caption":"michael"},"sameAs":["http:\/\/www.omnia-instaurare-in-christo.de"],"url":"http:\/\/omnia.alte-messe-bistum-speyer.de\/?author=2"}]}},"_links":{"self":[{"href":"http:\/\/omnia.alte-messe-bistum-speyer.de\/index.php?rest_route=\/wp\/v2\/posts\/1348","targetHints":{"allow":["GET"]}}],"collection":[{"href":"http:\/\/omnia.alte-messe-bistum-speyer.de\/index.php?rest_route=\/wp\/v2\/posts"}],"about":[{"href":"http:\/\/omnia.alte-messe-bistum-speyer.de\/index.php?rest_route=\/wp\/v2\/types\/post"}],"author":[{"embeddable":true,"href":"http:\/\/omnia.alte-messe-bistum-speyer.de\/index.php?rest_route=\/wp\/v2\/users\/2"}],"replies":[{"embeddable":true,"href":"http:\/\/omnia.alte-messe-bistum-speyer.de\/index.php?rest_route=%2Fwp%2Fv2%2Fcomments&post=1348"}],"version-history":[{"count":9,"href":"http:\/\/omnia.alte-messe-bistum-speyer.de\/index.php?rest_route=\/wp\/v2\/posts\/1348\/revisions"}],"predecessor-version":[{"id":4197,"href":"http:\/\/omnia.alte-messe-bistum-speyer.de\/index.php?rest_route=\/wp\/v2\/posts\/1348\/revisions\/4197"}],"wp:attachment":[{"href":"http:\/\/omnia.alte-messe-bistum-speyer.de\/index.php?rest_route=%2Fwp%2Fv2%2Fmedia&parent=1348"}],"wp:term":[{"taxonomy":"category","embeddable":true,"href":"http:\/\/omnia.alte-messe-bistum-speyer.de\/index.php?rest_route=%2Fwp%2Fv2%2Fcategories&post=1348"},{"taxonomy":"post_tag","embeddable":true,"href":"http:\/\/omnia.alte-messe-bistum-speyer.de\/index.php?rest_route=%2Fwp%2Fv2%2Ftags&post=1348"}],"curies":[{"name":"wp","href":"https:\/\/api.w.org\/{rel}","templated":true}]}}