{"id":1399,"date":"2012-02-29T20:01:58","date_gmt":"2012-02-29T18:01:58","guid":{"rendered":"http:\/\/omnia.alte-messe-bistum-speyer.de\/?p=1399"},"modified":"2012-02-29T10:12:29","modified_gmt":"2012-02-29T08:12:29","slug":"chur-erstmals-zwei-personalpfarreien-fur-den-auserordentlichen-ritus","status":"publish","type":"post","link":"http:\/\/omnia.alte-messe-bistum-speyer.de\/?p=1399","title":{"rendered":"Chur: Erstmals zwei Personalpfarreien f\u00fcr den au\u00dferordentlichen Ritus"},"content":{"rendered":"<h3>Der Churer Bischof Vitus Huonder erhebt zwei Zentren f\u00fcr Gl\u00e4ubige, die dem au\u00dferordentlichen Ritus verbunden sind, zu Personalpfarreien.<\/h3>\n<address>Zwei Zentren des Bistums Chur, welche seit 35 Jahren den Ritus in der au\u00dferordentlichen Form pflegen, wurden von Bischof Vitus Huonder in den Rang von Personalpfarreien erhoben.<\/address>\n<p>Das Communiqu\u00e9 des Bistums Chur, \u201eBischof Vitus Huonder errichtet Personalpfarreien\u201c, im Wortlaut:<\/p>\n<p>Seit \u00fcber 35 Jahren existieren im Bistum Chur zwei Zentren f\u00fcr die Gl\u00e4ubigen, die der ausserordentlichen Form des r\u00f6mischen Ritus verbunden sind. Dort wird in einem Umfang Seelsorge betrieben, wie es vielen offiziellen Pfarreien entspricht, jedoch ohne entsprechende Regelung. Dieses unbefriedigende Dauerprovisorium m\u00f6chte der Bischof von Chur beenden und kirchenrechtlich Klarheit schaffen. Deshalb hat er per 22. Februar 2012 zwei Personalpfarreien errichtet. Die Personalpfarrei Maria Immaculata in Oberarth wird geschaffen f\u00fcr die Gl\u00e4ubigen aus der Urschweiz, die Personalpfarrei Hl. Maximilian Kolbe in Thalwil f\u00fcr die Gl\u00e4ubigen aus dem Kanton Z\u00fcrich.<\/p>\n<p>Die Zugeh\u00f6rigkeit zur Personalpfarrei ist nicht wie bei der klassischen Pfarrei prim\u00e4r vom Wohnsitz abh\u00e4ngig, sondern durch die Mitgliedschaft in einer Gruppe, die sich durch Besonderheiten in Ritus, Sprache oder Nationalit\u00e4t auszeichnet. So ist etwa die Italienermission in den St\u00e4dten Z\u00fcrich und Winterthur ebenfalls als Personalpfarrei organisiert.<\/p>\n<p>Das Motu proprio \u201cSummorum Pontificum\u201d Papst Benedikts XVI. vom 7. Juli 2007\u00a0 sieht vor, dass vom Bischof f\u00fcr die Gl\u00e4ubigen, die der ausserordentlichen Form des R\u00f6mischen Ritus verbunden sind, <strong>Personalpfarreien errichtet werden k\u00f6nnen<\/strong>. In verschiedenen Di\u00f6zesen, etwa in Rom, Blois, Strassburg, Quebec, Denver, Colorado Springs oder Dallas wurden bereits solche Personalpfarreien errichtet.<\/p>\n<h3>Meine Gl\u00fcckw\u00fcnsche und Gottes reichen Segen an alle Gl\u00e4ubigen der neuen Pfarrei !<\/h3>\n<p><a href=\"http:\/\/www.suedostschweiz.ch\/vermischtes\/huonder-verteidigt-den-lateinischen-messritus\" target=\"_blank\">Quelle<\/a><\/p>\n","protected":false},"excerpt":{"rendered":"<p>Der Churer Bischof Vitus Huonder erhebt zwei Zentren f\u00fcr Gl\u00e4ubige, die dem au\u00dferordentlichen Ritus verbunden sind, zu Personalpfarreien. Zwei Zentren des Bistums Chur, welche seit 35 Jahren den Ritus in der au\u00dferordentlichen Form pflegen, wurden von Bischof Vitus Huonder in den Rang von Personalpfarreien erhoben. Das Communiqu\u00e9 des Bistums Chur, \u201eBischof Vitus Huonder errichtet Personalpfarreien\u201c, &hellip; <a href=\"http:\/\/omnia.alte-messe-bistum-speyer.de\/?p=1399\" class=\"more-link\"><span class=\"screen-reader-text\">Chur: Erstmals zwei Personalpfarreien f\u00fcr den au\u00dferordentlichen Ritus<\/span> weiterlesen<\/a><\/p>\n","protected":false},"author":2,"featured_media":0,"comment_status":"open","ping_status":"open","sticky":false,"template":"","format":"standard","meta":{"footnotes":""},"categories":[3,7],"tags":[172,171,62],"class_list":["post-1399","post","type-post","status-publish","format-standard","hentry","category-bewegendes","category-ritus-stiftskirche","tag-huoder","tag-personalpfarrei","tag-tridentinischer-ritus"],"yoast_head":"<!-- This site is optimized with the Yoast SEO plugin v25.8 - https:\/\/yoast.com\/wordpress\/plugins\/seo\/ -->\n<title>Chur: Erstmals zwei Personalpfarreien f\u00fcr den au\u00dferordentlichen Ritus - OmniBlog<\/title>\n<meta name=\"robots\" content=\"index, follow, max-snippet:-1, max-image-preview:large, max-video-preview:-1\" \/>\n<link rel=\"canonical\" href=\"http:\/\/omnia.alte-messe-bistum-speyer.de\/?p=1399\" \/>\n<meta property=\"og:locale\" content=\"de_DE\" \/>\n<meta property=\"og:type\" content=\"article\" \/>\n<meta property=\"og:title\" content=\"Chur: Erstmals zwei Personalpfarreien f\u00fcr den au\u00dferordentlichen Ritus - OmniBlog\" \/>\n<meta property=\"og:description\" content=\"Der Churer Bischof Vitus Huonder erhebt zwei Zentren f\u00fcr Gl\u00e4ubige, die dem au\u00dferordentlichen Ritus verbunden sind, zu Personalpfarreien. Zwei Zentren des Bistums Chur, welche seit 35 Jahren den Ritus in der au\u00dferordentlichen Form pflegen, wurden von Bischof Vitus Huonder in den Rang von Personalpfarreien erhoben. Das Communiqu\u00e9 des Bistums Chur, \u201eBischof Vitus Huonder errichtet Personalpfarreien\u201c, &hellip; Chur: Erstmals zwei Personalpfarreien f\u00fcr den au\u00dferordentlichen Ritus weiterlesen\" \/>\n<meta property=\"og:url\" content=\"http:\/\/omnia.alte-messe-bistum-speyer.de\/?p=1399\" \/>\n<meta property=\"og:site_name\" content=\"OmniBlog\" \/>\n<meta property=\"article:published_time\" content=\"2012-02-29T18:01:58+00:00\" \/>\n<meta name=\"author\" content=\"michael\" \/>\n<meta name=\"twitter:card\" content=\"summary_large_image\" \/>\n<meta name=\"twitter:label1\" content=\"Verfasst von\" \/>\n\t<meta name=\"twitter:data1\" content=\"michael\" \/>\n\t<meta name=\"twitter:label2\" content=\"Gesch\u00e4tzte Lesezeit\" \/>\n\t<meta name=\"twitter:data2\" content=\"1\u00a0Minute\" \/>\n<script type=\"application\/ld+json\" class=\"yoast-schema-graph\">{\"@context\":\"https:\/\/schema.org\",\"@graph\":[{\"@type\":\"Article\",\"@id\":\"http:\/\/omnia.alte-messe-bistum-speyer.de\/?p=1399#article\",\"isPartOf\":{\"@id\":\"http:\/\/omnia.alte-messe-bistum-speyer.de\/?p=1399\"},\"author\":{\"name\":\"michael\",\"@id\":\"http:\/\/omnia.alte-messe-bistum-speyer.de\/#\/schema\/person\/f541313e5005fba6ea4b73092e894370\"},\"headline\":\"Chur: Erstmals zwei Personalpfarreien f\u00fcr den au\u00dferordentlichen Ritus\",\"datePublished\":\"2012-02-29T18:01:58+00:00\",\"mainEntityOfPage\":{\"@id\":\"http:\/\/omnia.alte-messe-bistum-speyer.de\/?p=1399\"},\"wordCount\":290,\"commentCount\":0,\"publisher\":{\"@id\":\"http:\/\/omnia.alte-messe-bistum-speyer.de\/#organization\"},\"keywords\":[\"Huoder\",\"Personalpfarrei\",\"Tridentinischer Ritus\"],\"articleSection\":[\"Bewegendes\",\"Tridentinischer Ritus - Stiftskirche\"],\"inLanguage\":\"de\",\"potentialAction\":[{\"@type\":\"CommentAction\",\"name\":\"Comment\",\"target\":[\"http:\/\/omnia.alte-messe-bistum-speyer.de\/?p=1399#respond\"]}]},{\"@type\":\"WebPage\",\"@id\":\"http:\/\/omnia.alte-messe-bistum-speyer.de\/?p=1399\",\"url\":\"http:\/\/omnia.alte-messe-bistum-speyer.de\/?p=1399\",\"name\":\"Chur: Erstmals zwei Personalpfarreien f\u00fcr den au\u00dferordentlichen Ritus - OmniBlog\",\"isPartOf\":{\"@id\":\"http:\/\/omnia.alte-messe-bistum-speyer.de\/#website\"},\"datePublished\":\"2012-02-29T18:01:58+00:00\",\"breadcrumb\":{\"@id\":\"http:\/\/omnia.alte-messe-bistum-speyer.de\/?p=1399#breadcrumb\"},\"inLanguage\":\"de\",\"potentialAction\":[{\"@type\":\"ReadAction\",\"target\":[\"http:\/\/omnia.alte-messe-bistum-speyer.de\/?p=1399\"]}]},{\"@type\":\"BreadcrumbList\",\"@id\":\"http:\/\/omnia.alte-messe-bistum-speyer.de\/?p=1399#breadcrumb\",\"itemListElement\":[{\"@type\":\"ListItem\",\"position\":1,\"name\":\"Startseite\",\"item\":\"http:\/\/omnia.alte-messe-bistum-speyer.de\/\"},{\"@type\":\"ListItem\",\"position\":2,\"name\":\"Chur: Erstmals zwei Personalpfarreien f\u00fcr den au\u00dferordentlichen Ritus\"}]},{\"@type\":\"WebSite\",\"@id\":\"http:\/\/omnia.alte-messe-bistum-speyer.de\/#website\",\"url\":\"http:\/\/omnia.alte-messe-bistum-speyer.de\/\",\"name\":\"OmniBlog\",\"description\":\"Katholischer Glaube - Christliche Werte\",\"publisher\":{\"@id\":\"http:\/\/omnia.alte-messe-bistum-speyer.de\/#organization\"},\"potentialAction\":[{\"@type\":\"SearchAction\",\"target\":{\"@type\":\"EntryPoint\",\"urlTemplate\":\"http:\/\/omnia.alte-messe-bistum-speyer.de\/?s={search_term_string}\"},\"query-input\":{\"@type\":\"PropertyValueSpecification\",\"valueRequired\":true,\"valueName\":\"search_term_string\"}}],\"inLanguage\":\"de\"},{\"@type\":\"Organization\",\"@id\":\"http:\/\/omnia.alte-messe-bistum-speyer.de\/#organization\",\"name\":\"Omniblog\",\"url\":\"http:\/\/omnia.alte-messe-bistum-speyer.de\/\",\"logo\":{\"@type\":\"ImageObject\",\"inLanguage\":\"de\",\"@id\":\"http:\/\/omnia.alte-messe-bistum-speyer.de\/#\/schema\/logo\/image\/\",\"url\":\"http:\/\/omnia.alte-messe-bistum-speyer.de\/wp-content\/uploads\/2020\/03\/HL.Messe_.png\",\"contentUrl\":\"http:\/\/omnia.alte-messe-bistum-speyer.de\/wp-content\/uploads\/2020\/03\/HL.Messe_.png\",\"width\":487,\"height\":666,\"caption\":\"Omniblog\"},\"image\":{\"@id\":\"http:\/\/omnia.alte-messe-bistum-speyer.de\/#\/schema\/logo\/image\/\"}},{\"@type\":\"Person\",\"@id\":\"http:\/\/omnia.alte-messe-bistum-speyer.de\/#\/schema\/person\/f541313e5005fba6ea4b73092e894370\",\"name\":\"michael\",\"image\":{\"@type\":\"ImageObject\",\"inLanguage\":\"de\",\"@id\":\"http:\/\/omnia.alte-messe-bistum-speyer.de\/#\/schema\/person\/image\/\",\"url\":\"https:\/\/secure.gravatar.com\/avatar\/628fc1e28cd3cb7f4bc24dc0226dff79d4105570d38e57124f0d8c38985f05aa?s=96&d=identicon&r=g\",\"contentUrl\":\"https:\/\/secure.gravatar.com\/avatar\/628fc1e28cd3cb7f4bc24dc0226dff79d4105570d38e57124f0d8c38985f05aa?s=96&d=identicon&r=g\",\"caption\":\"michael\"},\"sameAs\":[\"http:\/\/www.omnia-instaurare-in-christo.de\"],\"url\":\"http:\/\/omnia.alte-messe-bistum-speyer.de\/?author=2\"}]}<\/script>\n<!-- \/ Yoast SEO plugin. -->","yoast_head_json":{"title":"Chur: Erstmals zwei Personalpfarreien f\u00fcr den au\u00dferordentlichen Ritus - OmniBlog","robots":{"index":"index","follow":"follow","max-snippet":"max-snippet:-1","max-image-preview":"max-image-preview:large","max-video-preview":"max-video-preview:-1"},"canonical":"http:\/\/omnia.alte-messe-bistum-speyer.de\/?p=1399","og_locale":"de_DE","og_type":"article","og_title":"Chur: Erstmals zwei Personalpfarreien f\u00fcr den au\u00dferordentlichen Ritus - OmniBlog","og_description":"Der Churer Bischof Vitus Huonder erhebt zwei Zentren f\u00fcr Gl\u00e4ubige, die dem au\u00dferordentlichen Ritus verbunden sind, zu Personalpfarreien. Zwei Zentren des Bistums Chur, welche seit 35 Jahren den Ritus in der au\u00dferordentlichen Form pflegen, wurden von Bischof Vitus Huonder in den Rang von Personalpfarreien erhoben. Das Communiqu\u00e9 des Bistums Chur, \u201eBischof Vitus Huonder errichtet Personalpfarreien\u201c, &hellip; Chur: Erstmals zwei Personalpfarreien f\u00fcr den au\u00dferordentlichen Ritus weiterlesen","og_url":"http:\/\/omnia.alte-messe-bistum-speyer.de\/?p=1399","og_site_name":"OmniBlog","article_published_time":"2012-02-29T18:01:58+00:00","author":"michael","twitter_card":"summary_large_image","twitter_misc":{"Verfasst von":"michael","Gesch\u00e4tzte Lesezeit":"1\u00a0Minute"},"schema":{"@context":"https:\/\/schema.org","@graph":[{"@type":"Article","@id":"http:\/\/omnia.alte-messe-bistum-speyer.de\/?p=1399#article","isPartOf":{"@id":"http:\/\/omnia.alte-messe-bistum-speyer.de\/?p=1399"},"author":{"name":"michael","@id":"http:\/\/omnia.alte-messe-bistum-speyer.de\/#\/schema\/person\/f541313e5005fba6ea4b73092e894370"},"headline":"Chur: Erstmals zwei Personalpfarreien f\u00fcr den au\u00dferordentlichen Ritus","datePublished":"2012-02-29T18:01:58+00:00","mainEntityOfPage":{"@id":"http:\/\/omnia.alte-messe-bistum-speyer.de\/?p=1399"},"wordCount":290,"commentCount":0,"publisher":{"@id":"http:\/\/omnia.alte-messe-bistum-speyer.de\/#organization"},"keywords":["Huoder","Personalpfarrei","Tridentinischer Ritus"],"articleSection":["Bewegendes","Tridentinischer Ritus - Stiftskirche"],"inLanguage":"de","potentialAction":[{"@type":"CommentAction","name":"Comment","target":["http:\/\/omnia.alte-messe-bistum-speyer.de\/?p=1399#respond"]}]},{"@type":"WebPage","@id":"http:\/\/omnia.alte-messe-bistum-speyer.de\/?p=1399","url":"http:\/\/omnia.alte-messe-bistum-speyer.de\/?p=1399","name":"Chur: Erstmals zwei Personalpfarreien f\u00fcr den au\u00dferordentlichen Ritus - OmniBlog","isPartOf":{"@id":"http:\/\/omnia.alte-messe-bistum-speyer.de\/#website"},"datePublished":"2012-02-29T18:01:58+00:00","breadcrumb":{"@id":"http:\/\/omnia.alte-messe-bistum-speyer.de\/?p=1399#breadcrumb"},"inLanguage":"de","potentialAction":[{"@type":"ReadAction","target":["http:\/\/omnia.alte-messe-bistum-speyer.de\/?p=1399"]}]},{"@type":"BreadcrumbList","@id":"http:\/\/omnia.alte-messe-bistum-speyer.de\/?p=1399#breadcrumb","itemListElement":[{"@type":"ListItem","position":1,"name":"Startseite","item":"http:\/\/omnia.alte-messe-bistum-speyer.de\/"},{"@type":"ListItem","position":2,"name":"Chur: Erstmals zwei Personalpfarreien f\u00fcr den au\u00dferordentlichen Ritus"}]},{"@type":"WebSite","@id":"http:\/\/omnia.alte-messe-bistum-speyer.de\/#website","url":"http:\/\/omnia.alte-messe-bistum-speyer.de\/","name":"OmniBlog","description":"Katholischer Glaube - Christliche Werte","publisher":{"@id":"http:\/\/omnia.alte-messe-bistum-speyer.de\/#organization"},"potentialAction":[{"@type":"SearchAction","target":{"@type":"EntryPoint","urlTemplate":"http:\/\/omnia.alte-messe-bistum-speyer.de\/?s={search_term_string}"},"query-input":{"@type":"PropertyValueSpecification","valueRequired":true,"valueName":"search_term_string"}}],"inLanguage":"de"},{"@type":"Organization","@id":"http:\/\/omnia.alte-messe-bistum-speyer.de\/#organization","name":"Omniblog","url":"http:\/\/omnia.alte-messe-bistum-speyer.de\/","logo":{"@type":"ImageObject","inLanguage":"de","@id":"http:\/\/omnia.alte-messe-bistum-speyer.de\/#\/schema\/logo\/image\/","url":"http:\/\/omnia.alte-messe-bistum-speyer.de\/wp-content\/uploads\/2020\/03\/HL.Messe_.png","contentUrl":"http:\/\/omnia.alte-messe-bistum-speyer.de\/wp-content\/uploads\/2020\/03\/HL.Messe_.png","width":487,"height":666,"caption":"Omniblog"},"image":{"@id":"http:\/\/omnia.alte-messe-bistum-speyer.de\/#\/schema\/logo\/image\/"}},{"@type":"Person","@id":"http:\/\/omnia.alte-messe-bistum-speyer.de\/#\/schema\/person\/f541313e5005fba6ea4b73092e894370","name":"michael","image":{"@type":"ImageObject","inLanguage":"de","@id":"http:\/\/omnia.alte-messe-bistum-speyer.de\/#\/schema\/person\/image\/","url":"https:\/\/secure.gravatar.com\/avatar\/628fc1e28cd3cb7f4bc24dc0226dff79d4105570d38e57124f0d8c38985f05aa?s=96&d=identicon&r=g","contentUrl":"https:\/\/secure.gravatar.com\/avatar\/628fc1e28cd3cb7f4bc24dc0226dff79d4105570d38e57124f0d8c38985f05aa?s=96&d=identicon&r=g","caption":"michael"},"sameAs":["http:\/\/www.omnia-instaurare-in-christo.de"],"url":"http:\/\/omnia.alte-messe-bistum-speyer.de\/?author=2"}]}},"_links":{"self":[{"href":"http:\/\/omnia.alte-messe-bistum-speyer.de\/index.php?rest_route=\/wp\/v2\/posts\/1399","targetHints":{"allow":["GET"]}}],"collection":[{"href":"http:\/\/omnia.alte-messe-bistum-speyer.de\/index.php?rest_route=\/wp\/v2\/posts"}],"about":[{"href":"http:\/\/omnia.alte-messe-bistum-speyer.de\/index.php?rest_route=\/wp\/v2\/types\/post"}],"author":[{"embeddable":true,"href":"http:\/\/omnia.alte-messe-bistum-speyer.de\/index.php?rest_route=\/wp\/v2\/users\/2"}],"replies":[{"embeddable":true,"href":"http:\/\/omnia.alte-messe-bistum-speyer.de\/index.php?rest_route=%2Fwp%2Fv2%2Fcomments&post=1399"}],"version-history":[{"count":5,"href":"http:\/\/omnia.alte-messe-bistum-speyer.de\/index.php?rest_route=\/wp\/v2\/posts\/1399\/revisions"}],"predecessor-version":[{"id":1401,"href":"http:\/\/omnia.alte-messe-bistum-speyer.de\/index.php?rest_route=\/wp\/v2\/posts\/1399\/revisions\/1401"}],"wp:attachment":[{"href":"http:\/\/omnia.alte-messe-bistum-speyer.de\/index.php?rest_route=%2Fwp%2Fv2%2Fmedia&parent=1399"}],"wp:term":[{"taxonomy":"category","embeddable":true,"href":"http:\/\/omnia.alte-messe-bistum-speyer.de\/index.php?rest_route=%2Fwp%2Fv2%2Fcategories&post=1399"},{"taxonomy":"post_tag","embeddable":true,"href":"http:\/\/omnia.alte-messe-bistum-speyer.de\/index.php?rest_route=%2Fwp%2Fv2%2Ftags&post=1399"}],"curies":[{"name":"wp","href":"https:\/\/api.w.org\/{rel}","templated":true}]}}