{"id":2049,"date":"2013-04-15T22:42:41","date_gmt":"2013-04-15T20:42:41","guid":{"rendered":"http:\/\/omnia.alte-messe-bistum-speyer.de\/?p=2049"},"modified":"2013-04-15T17:51:56","modified_gmt":"2013-04-15T15:51:56","slug":"feierliche-erstkommunion","status":"publish","type":"post","link":"http:\/\/omnia.alte-messe-bistum-speyer.de\/?p=2049","title":{"rendered":"Feierliche Erstkommunion"},"content":{"rendered":"<p>Am 7. April 2013 (wei\u00dfer Sonntag , 1. Sonntag nach Ostern) gingen in der Stiftskirche zu Neustadt (St. \u00c4gidius) sechs\u00a0 Schulkinder zum ersten Mal zur HL. Kommunion.<\/p>\n<p>Die Messe wurde im au\u00dferordentlichen (lateinischen) Ritus sehr feierlich zelebriert. Kommuniziert wurde mittels Mundkommunion, wie es im au\u00dferordentlichen Ritus \u00fcblich ist.<\/p>\n<p><a href=\"http:\/\/omnia.alte-messe-bistum-speyer.de\/wp-content\/uploads\/2013\/04\/Erkommunion2013_kommunion.jpg\"><img loading=\"lazy\" decoding=\"async\" class=\"alignnone size-full wp-image-2051\" title=\"Kommunion der Kinder\" src=\"http:\/\/omnia.alte-messe-bistum-speyer.de\/wp-content\/uploads\/2013\/04\/Erkommunion2013_kommunion.jpg\" alt=\"Kommunion der Kinder\" width=\"576\" height=\"473\" srcset=\"http:\/\/omnia.alte-messe-bistum-speyer.de\/wp-content\/uploads\/2013\/04\/Erkommunion2013_kommunion.jpg 800w, http:\/\/omnia.alte-messe-bistum-speyer.de\/wp-content\/uploads\/2013\/04\/Erkommunion2013_kommunion-300x246.jpg 300w\" sizes=\"auto, (max-width: 576px) 100vw, 576px\" \/><\/a><\/p>\n<p>Die Kommunionkinder mit Priester und Ministranten nach der HL. Messe<\/p>\n<p><a href=\"http:\/\/omnia.alte-messe-bistum-speyer.de\/wp-content\/uploads\/2013\/04\/Erkommunion_gruppe-altar.jpg\"><img loading=\"lazy\" decoding=\"async\" class=\"alignnone size-full wp-image-2053\" title=\"Erkommunion_gruppe-altar\" src=\"http:\/\/omnia.alte-messe-bistum-speyer.de\/wp-content\/uploads\/2013\/04\/Erkommunion_gruppe-altar.jpg\" alt=\"\" width=\"576\" height=\"432\" srcset=\"http:\/\/omnia.alte-messe-bistum-speyer.de\/wp-content\/uploads\/2013\/04\/Erkommunion_gruppe-altar.jpg 800w, http:\/\/omnia.alte-messe-bistum-speyer.de\/wp-content\/uploads\/2013\/04\/Erkommunion_gruppe-altar-300x225.jpg 300w\" sizes=\"auto, (max-width: 576px) 100vw, 576px\" \/><\/a><\/p>\n<p>Am sp\u00e4ten Nachmittag dankten Kinder mit ihren Eltern, Verwandten und Freunden f\u00fcr die von Gott erhaltenen Gnaden in einer Sakraments- Dankandacht.<\/p>\n<p><a href=\"http:\/\/omnia.alte-messe-bistum-speyer.de\/wp-content\/uploads\/2013\/04\/Erkommunion2013_Sakraments_Dankandacht02.jpg\"><img loading=\"lazy\" decoding=\"async\" class=\"alignnone size-full wp-image-2057\" title=\"Erkommunion2013_Sakraments_Dankandacht02\" src=\"http:\/\/omnia.alte-messe-bistum-speyer.de\/wp-content\/uploads\/2013\/04\/Erkommunion2013_Sakraments_Dankandacht02.jpg\" alt=\"\" width=\"800\" height=\"600\" srcset=\"http:\/\/omnia.alte-messe-bistum-speyer.de\/wp-content\/uploads\/2013\/04\/Erkommunion2013_Sakraments_Dankandacht02.jpg 800w, http:\/\/omnia.alte-messe-bistum-speyer.de\/wp-content\/uploads\/2013\/04\/Erkommunion2013_Sakraments_Dankandacht02-300x225.jpg 300w\" sizes=\"auto, (max-width: 800px) 100vw, 800px\" \/><\/a><\/p>\n<p>&nbsp;<\/p>\n","protected":false},"excerpt":{"rendered":"<p>Am 7. April 2013 (wei\u00dfer Sonntag , 1. Sonntag nach Ostern) gingen in der Stiftskirche zu Neustadt (St. \u00c4gidius) sechs\u00a0 Schulkinder zum ersten Mal zur HL. Kommunion. Die Messe wurde im au\u00dferordentlichen (lateinischen) Ritus sehr feierlich zelebriert. Kommuniziert wurde mittels Mundkommunion, wie es im au\u00dferordentlichen Ritus \u00fcblich ist. Die Kommunionkinder mit Priester und Ministranten nach &hellip; <a href=\"http:\/\/omnia.alte-messe-bistum-speyer.de\/?p=2049\" class=\"more-link\"><span class=\"screen-reader-text\">Feierliche Erstkommunion<\/span> weiterlesen<\/a><\/p>\n","protected":false},"author":2,"featured_media":0,"comment_status":"open","ping_status":"closed","sticky":false,"template":"","format":"standard","meta":{"footnotes":""},"categories":[7],"tags":[],"class_list":["post-2049","post","type-post","status-publish","format-standard","hentry","category-ritus-stiftskirche"],"yoast_head":"<!-- This site is optimized with the Yoast SEO plugin v25.8 - https:\/\/yoast.com\/wordpress\/plugins\/seo\/ -->\n<title>Feierliche Erstkommunion - OmniBlog<\/title>\n<meta name=\"robots\" content=\"index, follow, max-snippet:-1, max-image-preview:large, max-video-preview:-1\" \/>\n<link rel=\"canonical\" href=\"http:\/\/omnia.alte-messe-bistum-speyer.de\/?p=2049\" \/>\n<meta property=\"og:locale\" content=\"de_DE\" \/>\n<meta property=\"og:type\" content=\"article\" \/>\n<meta property=\"og:title\" content=\"Feierliche Erstkommunion - OmniBlog\" \/>\n<meta property=\"og:description\" content=\"Am 7. April 2013 (wei\u00dfer Sonntag , 1. Sonntag nach Ostern) gingen in der Stiftskirche zu Neustadt (St. \u00c4gidius) sechs\u00a0 Schulkinder zum ersten Mal zur HL. Kommunion. Die Messe wurde im au\u00dferordentlichen (lateinischen) Ritus sehr feierlich zelebriert. Kommuniziert wurde mittels Mundkommunion, wie es im au\u00dferordentlichen Ritus \u00fcblich ist. Die Kommunionkinder mit Priester und Ministranten nach &hellip; Feierliche Erstkommunion weiterlesen\" \/>\n<meta property=\"og:url\" content=\"http:\/\/omnia.alte-messe-bistum-speyer.de\/?p=2049\" \/>\n<meta property=\"og:site_name\" content=\"OmniBlog\" \/>\n<meta property=\"article:published_time\" content=\"2013-04-15T20:42:41+00:00\" \/>\n<meta property=\"og:image\" content=\"http:\/\/omnia.alte-messe-bistum-speyer.de\/wp-content\/uploads\/2013\/04\/Erkommunion2013_kommunion.jpg\" \/>\n\t<meta property=\"og:image:width\" content=\"800\" \/>\n\t<meta property=\"og:image:height\" content=\"658\" \/>\n\t<meta property=\"og:image:type\" content=\"image\/jpeg\" \/>\n<meta name=\"author\" content=\"michael\" \/>\n<meta name=\"twitter:card\" content=\"summary_large_image\" \/>\n<meta name=\"twitter:label1\" content=\"Verfasst von\" \/>\n\t<meta name=\"twitter:data1\" content=\"michael\" \/>\n<script type=\"application\/ld+json\" class=\"yoast-schema-graph\">{\"@context\":\"https:\/\/schema.org\",\"@graph\":[{\"@type\":\"Article\",\"@id\":\"http:\/\/omnia.alte-messe-bistum-speyer.de\/?p=2049#article\",\"isPartOf\":{\"@id\":\"http:\/\/omnia.alte-messe-bistum-speyer.de\/?p=2049\"},\"author\":{\"name\":\"michael\",\"@id\":\"http:\/\/omnia.alte-messe-bistum-speyer.de\/#\/schema\/person\/f541313e5005fba6ea4b73092e894370\"},\"headline\":\"Feierliche Erstkommunion\",\"datePublished\":\"2013-04-15T20:42:41+00:00\",\"mainEntityOfPage\":{\"@id\":\"http:\/\/omnia.alte-messe-bistum-speyer.de\/?p=2049\"},\"wordCount\":83,\"commentCount\":0,\"publisher\":{\"@id\":\"http:\/\/omnia.alte-messe-bistum-speyer.de\/#organization\"},\"image\":{\"@id\":\"http:\/\/omnia.alte-messe-bistum-speyer.de\/?p=2049#primaryimage\"},\"thumbnailUrl\":\"http:\/\/omnia.alte-messe-bistum-speyer.de\/wp-content\/uploads\/2013\/04\/Erkommunion2013_kommunion.jpg\",\"articleSection\":[\"Tridentinischer Ritus - Stiftskirche\"],\"inLanguage\":\"de\",\"potentialAction\":[{\"@type\":\"CommentAction\",\"name\":\"Comment\",\"target\":[\"http:\/\/omnia.alte-messe-bistum-speyer.de\/?p=2049#respond\"]}]},{\"@type\":\"WebPage\",\"@id\":\"http:\/\/omnia.alte-messe-bistum-speyer.de\/?p=2049\",\"url\":\"http:\/\/omnia.alte-messe-bistum-speyer.de\/?p=2049\",\"name\":\"Feierliche Erstkommunion - OmniBlog\",\"isPartOf\":{\"@id\":\"http:\/\/omnia.alte-messe-bistum-speyer.de\/#website\"},\"primaryImageOfPage\":{\"@id\":\"http:\/\/omnia.alte-messe-bistum-speyer.de\/?p=2049#primaryimage\"},\"image\":{\"@id\":\"http:\/\/omnia.alte-messe-bistum-speyer.de\/?p=2049#primaryimage\"},\"thumbnailUrl\":\"http:\/\/omnia.alte-messe-bistum-speyer.de\/wp-content\/uploads\/2013\/04\/Erkommunion2013_kommunion.jpg\",\"datePublished\":\"2013-04-15T20:42:41+00:00\",\"breadcrumb\":{\"@id\":\"http:\/\/omnia.alte-messe-bistum-speyer.de\/?p=2049#breadcrumb\"},\"inLanguage\":\"de\",\"potentialAction\":[{\"@type\":\"ReadAction\",\"target\":[\"http:\/\/omnia.alte-messe-bistum-speyer.de\/?p=2049\"]}]},{\"@type\":\"ImageObject\",\"inLanguage\":\"de\",\"@id\":\"http:\/\/omnia.alte-messe-bistum-speyer.de\/?p=2049#primaryimage\",\"url\":\"http:\/\/omnia.alte-messe-bistum-speyer.de\/wp-content\/uploads\/2013\/04\/Erkommunion2013_kommunion.jpg\",\"contentUrl\":\"http:\/\/omnia.alte-messe-bistum-speyer.de\/wp-content\/uploads\/2013\/04\/Erkommunion2013_kommunion.jpg\"},{\"@type\":\"BreadcrumbList\",\"@id\":\"http:\/\/omnia.alte-messe-bistum-speyer.de\/?p=2049#breadcrumb\",\"itemListElement\":[{\"@type\":\"ListItem\",\"position\":1,\"name\":\"Startseite\",\"item\":\"http:\/\/omnia.alte-messe-bistum-speyer.de\/\"},{\"@type\":\"ListItem\",\"position\":2,\"name\":\"Feierliche Erstkommunion\"}]},{\"@type\":\"WebSite\",\"@id\":\"http:\/\/omnia.alte-messe-bistum-speyer.de\/#website\",\"url\":\"http:\/\/omnia.alte-messe-bistum-speyer.de\/\",\"name\":\"OmniBlog\",\"description\":\"Katholischer Glaube - Christliche Werte\",\"publisher\":{\"@id\":\"http:\/\/omnia.alte-messe-bistum-speyer.de\/#organization\"},\"potentialAction\":[{\"@type\":\"SearchAction\",\"target\":{\"@type\":\"EntryPoint\",\"urlTemplate\":\"http:\/\/omnia.alte-messe-bistum-speyer.de\/?s={search_term_string}\"},\"query-input\":{\"@type\":\"PropertyValueSpecification\",\"valueRequired\":true,\"valueName\":\"search_term_string\"}}],\"inLanguage\":\"de\"},{\"@type\":\"Organization\",\"@id\":\"http:\/\/omnia.alte-messe-bistum-speyer.de\/#organization\",\"name\":\"Omniblog\",\"url\":\"http:\/\/omnia.alte-messe-bistum-speyer.de\/\",\"logo\":{\"@type\":\"ImageObject\",\"inLanguage\":\"de\",\"@id\":\"http:\/\/omnia.alte-messe-bistum-speyer.de\/#\/schema\/logo\/image\/\",\"url\":\"http:\/\/omnia.alte-messe-bistum-speyer.de\/wp-content\/uploads\/2020\/03\/HL.Messe_.png\",\"contentUrl\":\"http:\/\/omnia.alte-messe-bistum-speyer.de\/wp-content\/uploads\/2020\/03\/HL.Messe_.png\",\"width\":487,\"height\":666,\"caption\":\"Omniblog\"},\"image\":{\"@id\":\"http:\/\/omnia.alte-messe-bistum-speyer.de\/#\/schema\/logo\/image\/\"}},{\"@type\":\"Person\",\"@id\":\"http:\/\/omnia.alte-messe-bistum-speyer.de\/#\/schema\/person\/f541313e5005fba6ea4b73092e894370\",\"name\":\"michael\",\"image\":{\"@type\":\"ImageObject\",\"inLanguage\":\"de\",\"@id\":\"http:\/\/omnia.alte-messe-bistum-speyer.de\/#\/schema\/person\/image\/\",\"url\":\"https:\/\/secure.gravatar.com\/avatar\/628fc1e28cd3cb7f4bc24dc0226dff79d4105570d38e57124f0d8c38985f05aa?s=96&d=identicon&r=g\",\"contentUrl\":\"https:\/\/secure.gravatar.com\/avatar\/628fc1e28cd3cb7f4bc24dc0226dff79d4105570d38e57124f0d8c38985f05aa?s=96&d=identicon&r=g\",\"caption\":\"michael\"},\"sameAs\":[\"http:\/\/www.omnia-instaurare-in-christo.de\"],\"url\":\"http:\/\/omnia.alte-messe-bistum-speyer.de\/?author=2\"}]}<\/script>\n<!-- \/ Yoast SEO plugin. -->","yoast_head_json":{"title":"Feierliche Erstkommunion - OmniBlog","robots":{"index":"index","follow":"follow","max-snippet":"max-snippet:-1","max-image-preview":"max-image-preview:large","max-video-preview":"max-video-preview:-1"},"canonical":"http:\/\/omnia.alte-messe-bistum-speyer.de\/?p=2049","og_locale":"de_DE","og_type":"article","og_title":"Feierliche Erstkommunion - OmniBlog","og_description":"Am 7. April 2013 (wei\u00dfer Sonntag , 1. Sonntag nach Ostern) gingen in der Stiftskirche zu Neustadt (St. \u00c4gidius) sechs\u00a0 Schulkinder zum ersten Mal zur HL. Kommunion. Die Messe wurde im au\u00dferordentlichen (lateinischen) Ritus sehr feierlich zelebriert. Kommuniziert wurde mittels Mundkommunion, wie es im au\u00dferordentlichen Ritus \u00fcblich ist. Die Kommunionkinder mit Priester und Ministranten nach &hellip; Feierliche Erstkommunion weiterlesen","og_url":"http:\/\/omnia.alte-messe-bistum-speyer.de\/?p=2049","og_site_name":"OmniBlog","article_published_time":"2013-04-15T20:42:41+00:00","og_image":[{"width":800,"height":658,"url":"http:\/\/omnia.alte-messe-bistum-speyer.de\/wp-content\/uploads\/2013\/04\/Erkommunion2013_kommunion.jpg","type":"image\/jpeg"}],"author":"michael","twitter_card":"summary_large_image","twitter_misc":{"Verfasst von":"michael"},"schema":{"@context":"https:\/\/schema.org","@graph":[{"@type":"Article","@id":"http:\/\/omnia.alte-messe-bistum-speyer.de\/?p=2049#article","isPartOf":{"@id":"http:\/\/omnia.alte-messe-bistum-speyer.de\/?p=2049"},"author":{"name":"michael","@id":"http:\/\/omnia.alte-messe-bistum-speyer.de\/#\/schema\/person\/f541313e5005fba6ea4b73092e894370"},"headline":"Feierliche Erstkommunion","datePublished":"2013-04-15T20:42:41+00:00","mainEntityOfPage":{"@id":"http:\/\/omnia.alte-messe-bistum-speyer.de\/?p=2049"},"wordCount":83,"commentCount":0,"publisher":{"@id":"http:\/\/omnia.alte-messe-bistum-speyer.de\/#organization"},"image":{"@id":"http:\/\/omnia.alte-messe-bistum-speyer.de\/?p=2049#primaryimage"},"thumbnailUrl":"http:\/\/omnia.alte-messe-bistum-speyer.de\/wp-content\/uploads\/2013\/04\/Erkommunion2013_kommunion.jpg","articleSection":["Tridentinischer Ritus - Stiftskirche"],"inLanguage":"de","potentialAction":[{"@type":"CommentAction","name":"Comment","target":["http:\/\/omnia.alte-messe-bistum-speyer.de\/?p=2049#respond"]}]},{"@type":"WebPage","@id":"http:\/\/omnia.alte-messe-bistum-speyer.de\/?p=2049","url":"http:\/\/omnia.alte-messe-bistum-speyer.de\/?p=2049","name":"Feierliche Erstkommunion - OmniBlog","isPartOf":{"@id":"http:\/\/omnia.alte-messe-bistum-speyer.de\/#website"},"primaryImageOfPage":{"@id":"http:\/\/omnia.alte-messe-bistum-speyer.de\/?p=2049#primaryimage"},"image":{"@id":"http:\/\/omnia.alte-messe-bistum-speyer.de\/?p=2049#primaryimage"},"thumbnailUrl":"http:\/\/omnia.alte-messe-bistum-speyer.de\/wp-content\/uploads\/2013\/04\/Erkommunion2013_kommunion.jpg","datePublished":"2013-04-15T20:42:41+00:00","breadcrumb":{"@id":"http:\/\/omnia.alte-messe-bistum-speyer.de\/?p=2049#breadcrumb"},"inLanguage":"de","potentialAction":[{"@type":"ReadAction","target":["http:\/\/omnia.alte-messe-bistum-speyer.de\/?p=2049"]}]},{"@type":"ImageObject","inLanguage":"de","@id":"http:\/\/omnia.alte-messe-bistum-speyer.de\/?p=2049#primaryimage","url":"http:\/\/omnia.alte-messe-bistum-speyer.de\/wp-content\/uploads\/2013\/04\/Erkommunion2013_kommunion.jpg","contentUrl":"http:\/\/omnia.alte-messe-bistum-speyer.de\/wp-content\/uploads\/2013\/04\/Erkommunion2013_kommunion.jpg"},{"@type":"BreadcrumbList","@id":"http:\/\/omnia.alte-messe-bistum-speyer.de\/?p=2049#breadcrumb","itemListElement":[{"@type":"ListItem","position":1,"name":"Startseite","item":"http:\/\/omnia.alte-messe-bistum-speyer.de\/"},{"@type":"ListItem","position":2,"name":"Feierliche Erstkommunion"}]},{"@type":"WebSite","@id":"http:\/\/omnia.alte-messe-bistum-speyer.de\/#website","url":"http:\/\/omnia.alte-messe-bistum-speyer.de\/","name":"OmniBlog","description":"Katholischer Glaube - Christliche Werte","publisher":{"@id":"http:\/\/omnia.alte-messe-bistum-speyer.de\/#organization"},"potentialAction":[{"@type":"SearchAction","target":{"@type":"EntryPoint","urlTemplate":"http:\/\/omnia.alte-messe-bistum-speyer.de\/?s={search_term_string}"},"query-input":{"@type":"PropertyValueSpecification","valueRequired":true,"valueName":"search_term_string"}}],"inLanguage":"de"},{"@type":"Organization","@id":"http:\/\/omnia.alte-messe-bistum-speyer.de\/#organization","name":"Omniblog","url":"http:\/\/omnia.alte-messe-bistum-speyer.de\/","logo":{"@type":"ImageObject","inLanguage":"de","@id":"http:\/\/omnia.alte-messe-bistum-speyer.de\/#\/schema\/logo\/image\/","url":"http:\/\/omnia.alte-messe-bistum-speyer.de\/wp-content\/uploads\/2020\/03\/HL.Messe_.png","contentUrl":"http:\/\/omnia.alte-messe-bistum-speyer.de\/wp-content\/uploads\/2020\/03\/HL.Messe_.png","width":487,"height":666,"caption":"Omniblog"},"image":{"@id":"http:\/\/omnia.alte-messe-bistum-speyer.de\/#\/schema\/logo\/image\/"}},{"@type":"Person","@id":"http:\/\/omnia.alte-messe-bistum-speyer.de\/#\/schema\/person\/f541313e5005fba6ea4b73092e894370","name":"michael","image":{"@type":"ImageObject","inLanguage":"de","@id":"http:\/\/omnia.alte-messe-bistum-speyer.de\/#\/schema\/person\/image\/","url":"https:\/\/secure.gravatar.com\/avatar\/628fc1e28cd3cb7f4bc24dc0226dff79d4105570d38e57124f0d8c38985f05aa?s=96&d=identicon&r=g","contentUrl":"https:\/\/secure.gravatar.com\/avatar\/628fc1e28cd3cb7f4bc24dc0226dff79d4105570d38e57124f0d8c38985f05aa?s=96&d=identicon&r=g","caption":"michael"},"sameAs":["http:\/\/www.omnia-instaurare-in-christo.de"],"url":"http:\/\/omnia.alte-messe-bistum-speyer.de\/?author=2"}]}},"_links":{"self":[{"href":"http:\/\/omnia.alte-messe-bistum-speyer.de\/index.php?rest_route=\/wp\/v2\/posts\/2049","targetHints":{"allow":["GET"]}}],"collection":[{"href":"http:\/\/omnia.alte-messe-bistum-speyer.de\/index.php?rest_route=\/wp\/v2\/posts"}],"about":[{"href":"http:\/\/omnia.alte-messe-bistum-speyer.de\/index.php?rest_route=\/wp\/v2\/types\/post"}],"author":[{"embeddable":true,"href":"http:\/\/omnia.alte-messe-bistum-speyer.de\/index.php?rest_route=\/wp\/v2\/users\/2"}],"replies":[{"embeddable":true,"href":"http:\/\/omnia.alte-messe-bistum-speyer.de\/index.php?rest_route=%2Fwp%2Fv2%2Fcomments&post=2049"}],"version-history":[{"count":12,"href":"http:\/\/omnia.alte-messe-bistum-speyer.de\/index.php?rest_route=\/wp\/v2\/posts\/2049\/revisions"}],"predecessor-version":[{"id":2056,"href":"http:\/\/omnia.alte-messe-bistum-speyer.de\/index.php?rest_route=\/wp\/v2\/posts\/2049\/revisions\/2056"}],"wp:attachment":[{"href":"http:\/\/omnia.alte-messe-bistum-speyer.de\/index.php?rest_route=%2Fwp%2Fv2%2Fmedia&parent=2049"}],"wp:term":[{"taxonomy":"category","embeddable":true,"href":"http:\/\/omnia.alte-messe-bistum-speyer.de\/index.php?rest_route=%2Fwp%2Fv2%2Fcategories&post=2049"},{"taxonomy":"post_tag","embeddable":true,"href":"http:\/\/omnia.alte-messe-bistum-speyer.de\/index.php?rest_route=%2Fwp%2Fv2%2Ftags&post=2049"}],"curies":[{"name":"wp","href":"https:\/\/api.w.org\/{rel}","templated":true}]}}