{"id":2165,"date":"2014-05-24T19:26:51","date_gmt":"2014-05-24T17:26:51","guid":{"rendered":"http:\/\/omnia.alte-messe-bistum-speyer.de\/?p=2165"},"modified":"2018-08-08T17:36:58","modified_gmt":"2018-08-08T15:36:58","slug":"spendenaktion-holzpodest","status":"publish","type":"post","link":"http:\/\/omnia.alte-messe-bistum-speyer.de\/?p=2165","title":{"rendered":"Spendenaktion Holzpodest &#8211; Spendenziel erreicht"},"content":{"rendered":"<h1>Das Spendenziel von 8400 EUR wurde erreicht;<\/h1>\n<h2>Allen Spendern ein herzliches Dankesch\u00f6n!<\/h2>\n<p>\u00dcber den Zeitpunkt des Baubeginns werden wir, sobald er sicher ist, informieren.<\/p>\n<p>&nbsp;<\/p>\n<p>Im katholischen Teil der Stiftskirche ist <strong>keine <\/strong>Heizung installiert. Eine einfache Sitzkissenheizung w\u00e4rmt ein wenig den Hosenboden, aber nur solange man sitzt. Mit einem Holzbeschlag unter den B\u00e4nken (Beispiel: siehe Foto) w\u00fcrde man nicht mehr auf dem eiskalten Steinboden stehen.<\/p>\n<h1>Spenden an<\/h1>\n<p style=\"padding-left: 30px;\">Kath. Kirchenstiftung St. Marien<br \/>\nIBAN: DE 23 54651240 1100497591<br \/>\nSparkasse Rhein-Haardt<br \/>\n(Konto 11 00 49 7591, BLZ 546 512 40)<\/p>\n<h1>Wichtig:<\/h1>\n<p>Geben Sie bitte als <strong>Verwendungszweck<\/strong> an:<\/p>\n<p><strong>Holzpodest, St. \u00c4gidius<\/strong><\/p>\n<p>Weiterhin bitte <strong>Name und Adresse<\/strong> mit Stra\u00dfe und Postleitzahl f\u00fcr die Spendenquittung mit angeben.<br \/>\nEs ist wichtig, dass Sie die <strong>postalische Adresse<\/strong> mit angeben, damit eine Spendenquittung zugestellt werden kann!!!<\/p>\n<h2>Herzlichen Dank an alle Spender!<\/h2>\n<p>&nbsp;<\/p>\n","protected":false},"excerpt":{"rendered":"<p>Das Spendenziel von 8400 EUR wurde erreicht; Allen Spendern ein herzliches Dankesch\u00f6n! \u00dcber den Zeitpunkt des Baubeginns werden wir, sobald er sicher ist, informieren. &nbsp; Im katholischen Teil der Stiftskirche ist keine Heizung installiert. Eine einfache Sitzkissenheizung w\u00e4rmt ein wenig den Hosenboden, aber nur solange man sitzt. Mit einem Holzbeschlag unter den B\u00e4nken (Beispiel: siehe &hellip; <a href=\"http:\/\/omnia.alte-messe-bistum-speyer.de\/?p=2165\" class=\"more-link\"><span class=\"screen-reader-text\">Spendenaktion Holzpodest &#8211; Spendenziel erreicht<\/span> weiterlesen<\/a><\/p>\n","protected":false},"author":2,"featured_media":0,"comment_status":"open","ping_status":"closed","sticky":false,"template":"","format":"standard","meta":{"footnotes":""},"categories":[7],"tags":[],"class_list":["post-2165","post","type-post","status-publish","format-standard","hentry","category-ritus-stiftskirche"],"yoast_head":"<!-- This site is optimized with the Yoast SEO plugin v25.8 - https:\/\/yoast.com\/wordpress\/plugins\/seo\/ -->\n<title>Spendenaktion Holzpodest - Spendenziel erreicht - OmniBlog<\/title>\n<meta name=\"robots\" content=\"index, follow, max-snippet:-1, max-image-preview:large, max-video-preview:-1\" \/>\n<link rel=\"canonical\" href=\"http:\/\/omnia.alte-messe-bistum-speyer.de\/?p=2165\" \/>\n<meta property=\"og:locale\" content=\"de_DE\" \/>\n<meta property=\"og:type\" content=\"article\" \/>\n<meta property=\"og:title\" content=\"Spendenaktion Holzpodest - Spendenziel erreicht - OmniBlog\" \/>\n<meta property=\"og:description\" content=\"Das Spendenziel von 8400 EUR wurde erreicht; Allen Spendern ein herzliches Dankesch\u00f6n! \u00dcber den Zeitpunkt des Baubeginns werden wir, sobald er sicher ist, informieren. &nbsp; Im katholischen Teil der Stiftskirche ist keine Heizung installiert. Eine einfache Sitzkissenheizung w\u00e4rmt ein wenig den Hosenboden, aber nur solange man sitzt. Mit einem Holzbeschlag unter den B\u00e4nken (Beispiel: siehe &hellip; Spendenaktion Holzpodest &#8211; Spendenziel erreicht weiterlesen\" \/>\n<meta property=\"og:url\" content=\"http:\/\/omnia.alte-messe-bistum-speyer.de\/?p=2165\" \/>\n<meta property=\"og:site_name\" content=\"OmniBlog\" \/>\n<meta property=\"article:published_time\" content=\"2014-05-24T17:26:51+00:00\" \/>\n<meta property=\"article:modified_time\" content=\"2018-08-08T15:36:58+00:00\" \/>\n<meta name=\"author\" content=\"michael\" \/>\n<meta name=\"twitter:card\" content=\"summary_large_image\" \/>\n<meta name=\"twitter:label1\" content=\"Verfasst von\" \/>\n\t<meta name=\"twitter:data1\" content=\"michael\" \/>\n\t<meta name=\"twitter:label2\" content=\"Gesch\u00e4tzte Lesezeit\" \/>\n\t<meta name=\"twitter:data2\" content=\"1\u00a0Minute\" \/>\n<script type=\"application\/ld+json\" class=\"yoast-schema-graph\">{\"@context\":\"https:\/\/schema.org\",\"@graph\":[{\"@type\":\"Article\",\"@id\":\"http:\/\/omnia.alte-messe-bistum-speyer.de\/?p=2165#article\",\"isPartOf\":{\"@id\":\"http:\/\/omnia.alte-messe-bistum-speyer.de\/?p=2165\"},\"author\":{\"name\":\"michael\",\"@id\":\"http:\/\/omnia.alte-messe-bistum-speyer.de\/#\/schema\/person\/f541313e5005fba6ea4b73092e894370\"},\"headline\":\"Spendenaktion Holzpodest &#8211; Spendenziel erreicht\",\"datePublished\":\"2014-05-24T17:26:51+00:00\",\"dateModified\":\"2018-08-08T15:36:58+00:00\",\"mainEntityOfPage\":{\"@id\":\"http:\/\/omnia.alte-messe-bistum-speyer.de\/?p=2165\"},\"wordCount\":133,\"commentCount\":0,\"publisher\":{\"@id\":\"http:\/\/omnia.alte-messe-bistum-speyer.de\/#organization\"},\"articleSection\":[\"Tridentinischer Ritus - Stiftskirche\"],\"inLanguage\":\"de\",\"potentialAction\":[{\"@type\":\"CommentAction\",\"name\":\"Comment\",\"target\":[\"http:\/\/omnia.alte-messe-bistum-speyer.de\/?p=2165#respond\"]}]},{\"@type\":\"WebPage\",\"@id\":\"http:\/\/omnia.alte-messe-bistum-speyer.de\/?p=2165\",\"url\":\"http:\/\/omnia.alte-messe-bistum-speyer.de\/?p=2165\",\"name\":\"Spendenaktion Holzpodest - Spendenziel erreicht - OmniBlog\",\"isPartOf\":{\"@id\":\"http:\/\/omnia.alte-messe-bistum-speyer.de\/#website\"},\"datePublished\":\"2014-05-24T17:26:51+00:00\",\"dateModified\":\"2018-08-08T15:36:58+00:00\",\"breadcrumb\":{\"@id\":\"http:\/\/omnia.alte-messe-bistum-speyer.de\/?p=2165#breadcrumb\"},\"inLanguage\":\"de\",\"potentialAction\":[{\"@type\":\"ReadAction\",\"target\":[\"http:\/\/omnia.alte-messe-bistum-speyer.de\/?p=2165\"]}]},{\"@type\":\"BreadcrumbList\",\"@id\":\"http:\/\/omnia.alte-messe-bistum-speyer.de\/?p=2165#breadcrumb\",\"itemListElement\":[{\"@type\":\"ListItem\",\"position\":1,\"name\":\"Startseite\",\"item\":\"http:\/\/omnia.alte-messe-bistum-speyer.de\/\"},{\"@type\":\"ListItem\",\"position\":2,\"name\":\"Spendenaktion Holzpodest &#8211; Spendenziel erreicht\"}]},{\"@type\":\"WebSite\",\"@id\":\"http:\/\/omnia.alte-messe-bistum-speyer.de\/#website\",\"url\":\"http:\/\/omnia.alte-messe-bistum-speyer.de\/\",\"name\":\"OmniBlog\",\"description\":\"Katholischer Glaube - Christliche Werte\",\"publisher\":{\"@id\":\"http:\/\/omnia.alte-messe-bistum-speyer.de\/#organization\"},\"potentialAction\":[{\"@type\":\"SearchAction\",\"target\":{\"@type\":\"EntryPoint\",\"urlTemplate\":\"http:\/\/omnia.alte-messe-bistum-speyer.de\/?s={search_term_string}\"},\"query-input\":{\"@type\":\"PropertyValueSpecification\",\"valueRequired\":true,\"valueName\":\"search_term_string\"}}],\"inLanguage\":\"de\"},{\"@type\":\"Organization\",\"@id\":\"http:\/\/omnia.alte-messe-bistum-speyer.de\/#organization\",\"name\":\"Omniblog\",\"url\":\"http:\/\/omnia.alte-messe-bistum-speyer.de\/\",\"logo\":{\"@type\":\"ImageObject\",\"inLanguage\":\"de\",\"@id\":\"http:\/\/omnia.alte-messe-bistum-speyer.de\/#\/schema\/logo\/image\/\",\"url\":\"http:\/\/omnia.alte-messe-bistum-speyer.de\/wp-content\/uploads\/2020\/03\/HL.Messe_.png\",\"contentUrl\":\"http:\/\/omnia.alte-messe-bistum-speyer.de\/wp-content\/uploads\/2020\/03\/HL.Messe_.png\",\"width\":487,\"height\":666,\"caption\":\"Omniblog\"},\"image\":{\"@id\":\"http:\/\/omnia.alte-messe-bistum-speyer.de\/#\/schema\/logo\/image\/\"}},{\"@type\":\"Person\",\"@id\":\"http:\/\/omnia.alte-messe-bistum-speyer.de\/#\/schema\/person\/f541313e5005fba6ea4b73092e894370\",\"name\":\"michael\",\"image\":{\"@type\":\"ImageObject\",\"inLanguage\":\"de\",\"@id\":\"http:\/\/omnia.alte-messe-bistum-speyer.de\/#\/schema\/person\/image\/\",\"url\":\"https:\/\/secure.gravatar.com\/avatar\/628fc1e28cd3cb7f4bc24dc0226dff79d4105570d38e57124f0d8c38985f05aa?s=96&d=identicon&r=g\",\"contentUrl\":\"https:\/\/secure.gravatar.com\/avatar\/628fc1e28cd3cb7f4bc24dc0226dff79d4105570d38e57124f0d8c38985f05aa?s=96&d=identicon&r=g\",\"caption\":\"michael\"},\"sameAs\":[\"http:\/\/www.omnia-instaurare-in-christo.de\"],\"url\":\"http:\/\/omnia.alte-messe-bistum-speyer.de\/?author=2\"}]}<\/script>\n<!-- \/ Yoast SEO plugin. -->","yoast_head_json":{"title":"Spendenaktion Holzpodest - Spendenziel erreicht - OmniBlog","robots":{"index":"index","follow":"follow","max-snippet":"max-snippet:-1","max-image-preview":"max-image-preview:large","max-video-preview":"max-video-preview:-1"},"canonical":"http:\/\/omnia.alte-messe-bistum-speyer.de\/?p=2165","og_locale":"de_DE","og_type":"article","og_title":"Spendenaktion Holzpodest - Spendenziel erreicht - OmniBlog","og_description":"Das Spendenziel von 8400 EUR wurde erreicht; Allen Spendern ein herzliches Dankesch\u00f6n! \u00dcber den Zeitpunkt des Baubeginns werden wir, sobald er sicher ist, informieren. &nbsp; Im katholischen Teil der Stiftskirche ist keine Heizung installiert. Eine einfache Sitzkissenheizung w\u00e4rmt ein wenig den Hosenboden, aber nur solange man sitzt. Mit einem Holzbeschlag unter den B\u00e4nken (Beispiel: siehe &hellip; Spendenaktion Holzpodest &#8211; Spendenziel erreicht weiterlesen","og_url":"http:\/\/omnia.alte-messe-bistum-speyer.de\/?p=2165","og_site_name":"OmniBlog","article_published_time":"2014-05-24T17:26:51+00:00","article_modified_time":"2018-08-08T15:36:58+00:00","author":"michael","twitter_card":"summary_large_image","twitter_misc":{"Verfasst von":"michael","Gesch\u00e4tzte Lesezeit":"1\u00a0Minute"},"schema":{"@context":"https:\/\/schema.org","@graph":[{"@type":"Article","@id":"http:\/\/omnia.alte-messe-bistum-speyer.de\/?p=2165#article","isPartOf":{"@id":"http:\/\/omnia.alte-messe-bistum-speyer.de\/?p=2165"},"author":{"name":"michael","@id":"http:\/\/omnia.alte-messe-bistum-speyer.de\/#\/schema\/person\/f541313e5005fba6ea4b73092e894370"},"headline":"Spendenaktion Holzpodest &#8211; Spendenziel erreicht","datePublished":"2014-05-24T17:26:51+00:00","dateModified":"2018-08-08T15:36:58+00:00","mainEntityOfPage":{"@id":"http:\/\/omnia.alte-messe-bistum-speyer.de\/?p=2165"},"wordCount":133,"commentCount":0,"publisher":{"@id":"http:\/\/omnia.alte-messe-bistum-speyer.de\/#organization"},"articleSection":["Tridentinischer Ritus - Stiftskirche"],"inLanguage":"de","potentialAction":[{"@type":"CommentAction","name":"Comment","target":["http:\/\/omnia.alte-messe-bistum-speyer.de\/?p=2165#respond"]}]},{"@type":"WebPage","@id":"http:\/\/omnia.alte-messe-bistum-speyer.de\/?p=2165","url":"http:\/\/omnia.alte-messe-bistum-speyer.de\/?p=2165","name":"Spendenaktion Holzpodest - Spendenziel erreicht - OmniBlog","isPartOf":{"@id":"http:\/\/omnia.alte-messe-bistum-speyer.de\/#website"},"datePublished":"2014-05-24T17:26:51+00:00","dateModified":"2018-08-08T15:36:58+00:00","breadcrumb":{"@id":"http:\/\/omnia.alte-messe-bistum-speyer.de\/?p=2165#breadcrumb"},"inLanguage":"de","potentialAction":[{"@type":"ReadAction","target":["http:\/\/omnia.alte-messe-bistum-speyer.de\/?p=2165"]}]},{"@type":"BreadcrumbList","@id":"http:\/\/omnia.alte-messe-bistum-speyer.de\/?p=2165#breadcrumb","itemListElement":[{"@type":"ListItem","position":1,"name":"Startseite","item":"http:\/\/omnia.alte-messe-bistum-speyer.de\/"},{"@type":"ListItem","position":2,"name":"Spendenaktion Holzpodest &#8211; Spendenziel erreicht"}]},{"@type":"WebSite","@id":"http:\/\/omnia.alte-messe-bistum-speyer.de\/#website","url":"http:\/\/omnia.alte-messe-bistum-speyer.de\/","name":"OmniBlog","description":"Katholischer Glaube - Christliche Werte","publisher":{"@id":"http:\/\/omnia.alte-messe-bistum-speyer.de\/#organization"},"potentialAction":[{"@type":"SearchAction","target":{"@type":"EntryPoint","urlTemplate":"http:\/\/omnia.alte-messe-bistum-speyer.de\/?s={search_term_string}"},"query-input":{"@type":"PropertyValueSpecification","valueRequired":true,"valueName":"search_term_string"}}],"inLanguage":"de"},{"@type":"Organization","@id":"http:\/\/omnia.alte-messe-bistum-speyer.de\/#organization","name":"Omniblog","url":"http:\/\/omnia.alte-messe-bistum-speyer.de\/","logo":{"@type":"ImageObject","inLanguage":"de","@id":"http:\/\/omnia.alte-messe-bistum-speyer.de\/#\/schema\/logo\/image\/","url":"http:\/\/omnia.alte-messe-bistum-speyer.de\/wp-content\/uploads\/2020\/03\/HL.Messe_.png","contentUrl":"http:\/\/omnia.alte-messe-bistum-speyer.de\/wp-content\/uploads\/2020\/03\/HL.Messe_.png","width":487,"height":666,"caption":"Omniblog"},"image":{"@id":"http:\/\/omnia.alte-messe-bistum-speyer.de\/#\/schema\/logo\/image\/"}},{"@type":"Person","@id":"http:\/\/omnia.alte-messe-bistum-speyer.de\/#\/schema\/person\/f541313e5005fba6ea4b73092e894370","name":"michael","image":{"@type":"ImageObject","inLanguage":"de","@id":"http:\/\/omnia.alte-messe-bistum-speyer.de\/#\/schema\/person\/image\/","url":"https:\/\/secure.gravatar.com\/avatar\/628fc1e28cd3cb7f4bc24dc0226dff79d4105570d38e57124f0d8c38985f05aa?s=96&d=identicon&r=g","contentUrl":"https:\/\/secure.gravatar.com\/avatar\/628fc1e28cd3cb7f4bc24dc0226dff79d4105570d38e57124f0d8c38985f05aa?s=96&d=identicon&r=g","caption":"michael"},"sameAs":["http:\/\/www.omnia-instaurare-in-christo.de"],"url":"http:\/\/omnia.alte-messe-bistum-speyer.de\/?author=2"}]}},"_links":{"self":[{"href":"http:\/\/omnia.alte-messe-bistum-speyer.de\/index.php?rest_route=\/wp\/v2\/posts\/2165","targetHints":{"allow":["GET"]}}],"collection":[{"href":"http:\/\/omnia.alte-messe-bistum-speyer.de\/index.php?rest_route=\/wp\/v2\/posts"}],"about":[{"href":"http:\/\/omnia.alte-messe-bistum-speyer.de\/index.php?rest_route=\/wp\/v2\/types\/post"}],"author":[{"embeddable":true,"href":"http:\/\/omnia.alte-messe-bistum-speyer.de\/index.php?rest_route=\/wp\/v2\/users\/2"}],"replies":[{"embeddable":true,"href":"http:\/\/omnia.alte-messe-bistum-speyer.de\/index.php?rest_route=%2Fwp%2Fv2%2Fcomments&post=2165"}],"version-history":[{"count":18,"href":"http:\/\/omnia.alte-messe-bistum-speyer.de\/index.php?rest_route=\/wp\/v2\/posts\/2165\/revisions"}],"predecessor-version":[{"id":3491,"href":"http:\/\/omnia.alte-messe-bistum-speyer.de\/index.php?rest_route=\/wp\/v2\/posts\/2165\/revisions\/3491"}],"wp:attachment":[{"href":"http:\/\/omnia.alte-messe-bistum-speyer.de\/index.php?rest_route=%2Fwp%2Fv2%2Fmedia&parent=2165"}],"wp:term":[{"taxonomy":"category","embeddable":true,"href":"http:\/\/omnia.alte-messe-bistum-speyer.de\/index.php?rest_route=%2Fwp%2Fv2%2Fcategories&post=2165"},{"taxonomy":"post_tag","embeddable":true,"href":"http:\/\/omnia.alte-messe-bistum-speyer.de\/index.php?rest_route=%2Fwp%2Fv2%2Ftags&post=2165"}],"curies":[{"name":"wp","href":"https:\/\/api.w.org\/{rel}","templated":true}]}}