{"id":2702,"date":"2015-11-07T22:01:11","date_gmt":"2015-11-07T20:01:11","guid":{"rendered":"http:\/\/omnia.alte-messe-bistum-speyer.de\/?p=2702"},"modified":"2016-01-08T16:10:09","modified_gmt":"2016-01-08T14:10:09","slug":"admonter-rindersteak","status":"publish","type":"post","link":"http:\/\/omnia.alte-messe-bistum-speyer.de\/?p=2702","title":{"rendered":"Admonter Rindersteak"},"content":{"rendered":"<p>(Rezept aus der Benediktinerabtei Admont\/\u00d6sterreich)<\/p>\n<p><img loading=\"lazy\" decoding=\"async\" class=\"alignnone\" title=\"Rindersteak\" src=\"https:\/\/s3-eu5.ixquick.com\/cgi-bin\/serveimage?url=http%3A%2F%2F3.bp.blogspot.com%2F-hVhYE05mWjY%2FUCWzKhU_kRI%2FAAAAAAAAA_E%2FvpuEsF8exyg%2Fs1600%2Frare%2Bsteak.jpg&amp;sp=1bf791acd87a1d38b0aca114a1bbbe2c\" alt=\"\" width=\"378\" height=\"278\" \/><\/p>\n<h2>Zutaten:<\/h2>\n<p>4 Rinderfiletsteaks, 1-2 EL Speise\u00f6l, 1 Zwiebel, 125ml Rotwein, \u00bc Liter gebundene Bratenso\u00dfe, 1 Becher s\u00fc\u00dfe Sahne, Salz, Pfeffer, 2 EL eingelegte gr\u00fcne Pfefferk\u00f6rner<\/p>\n<h2>Zubereitung<\/h2>\n<ol>\n<li>Die Rinderfiletsteaks unter flie\u00dfendem Wasser waschen, trocken tupfen, und nach Bedarf leicht klopfen.<\/li>\n<li>Das \u00d6l in einer Pfanne erhitzen und die Steaks darin medium oder durch braten. Dann heraus nehmen und warm stellen.<\/li>\n<li>Die Zwiebel sch\u00e4len, fein hacken und im verbliebenen Bratfett glasig d\u00fcnsten. Mit dem Rotwein abl\u00f6schen, die Bratenso\u00dfe sowie die Sahne einr\u00fchren und einmal aufkochen lassen.<\/li>\n<li>Die So\u00dfe mit Salz abschmecken, die Pfefferk\u00f6rner zugeben und ziehen lassen.<\/li>\n<li>Die Steaks mit Salz und Pfeffer w\u00fcrzen, anrichten und mit der So\u00dfe \u00fcberziehen. Als Beilagen eignen sich gut Butterbohnen und Herzoginkartoffeln.<\/li>\n<\/ol>\n","protected":false},"excerpt":{"rendered":"<p>(Rezept aus der Benediktinerabtei Admont\/\u00d6sterreich) Zutaten: 4 Rinderfiletsteaks, 1-2 EL Speise\u00f6l, 1 Zwiebel, 125ml Rotwein, \u00bc Liter gebundene Bratenso\u00dfe, 1 Becher s\u00fc\u00dfe Sahne, Salz, Pfeffer, 2 EL eingelegte gr\u00fcne Pfefferk\u00f6rner Zubereitung Die Rinderfiletsteaks unter flie\u00dfendem Wasser waschen, trocken tupfen, und nach Bedarf leicht klopfen. Das \u00d6l in einer Pfanne erhitzen und die Steaks darin medium &hellip; <a href=\"http:\/\/omnia.alte-messe-bistum-speyer.de\/?p=2702\" class=\"more-link\"><span class=\"screen-reader-text\">Admonter Rindersteak<\/span> weiterlesen<\/a><\/p>\n","protected":false},"author":2,"featured_media":0,"comment_status":"closed","ping_status":"closed","sticky":false,"template":"","format":"standard","meta":{"footnotes":""},"categories":[232],"tags":[],"class_list":["post-2702","post","type-post","status-publish","format-standard","hentry","category-vatican-cocking-guide"],"yoast_head":"<!-- This site is optimized with the Yoast SEO plugin v25.8 - https:\/\/yoast.com\/wordpress\/plugins\/seo\/ -->\n<title>Admonter Rindersteak - OmniBlog<\/title>\n<meta name=\"robots\" content=\"index, follow, max-snippet:-1, max-image-preview:large, max-video-preview:-1\" \/>\n<link rel=\"canonical\" href=\"http:\/\/omnia.alte-messe-bistum-speyer.de\/?p=2702\" \/>\n<meta property=\"og:locale\" content=\"de_DE\" \/>\n<meta property=\"og:type\" content=\"article\" \/>\n<meta property=\"og:title\" content=\"Admonter Rindersteak - OmniBlog\" \/>\n<meta property=\"og:description\" content=\"(Rezept aus der Benediktinerabtei Admont\/\u00d6sterreich) Zutaten: 4 Rinderfiletsteaks, 1-2 EL Speise\u00f6l, 1 Zwiebel, 125ml Rotwein, \u00bc Liter gebundene Bratenso\u00dfe, 1 Becher s\u00fc\u00dfe Sahne, Salz, Pfeffer, 2 EL eingelegte gr\u00fcne Pfefferk\u00f6rner Zubereitung Die Rinderfiletsteaks unter flie\u00dfendem Wasser waschen, trocken tupfen, und nach Bedarf leicht klopfen. Das \u00d6l in einer Pfanne erhitzen und die Steaks darin medium &hellip; Admonter Rindersteak weiterlesen\" \/>\n<meta property=\"og:url\" content=\"http:\/\/omnia.alte-messe-bistum-speyer.de\/?p=2702\" \/>\n<meta property=\"og:site_name\" content=\"OmniBlog\" \/>\n<meta property=\"article:published_time\" content=\"2015-11-07T20:01:11+00:00\" \/>\n<meta property=\"article:modified_time\" content=\"2016-01-08T14:10:09+00:00\" \/>\n<meta property=\"og:image\" content=\"https:\/\/s3-eu5.ixquick.com\/cgi-bin\/serveimage?url=http%3A%2F%2F3.bp.blogspot.com%2F-hVhYE05mWjY%2FUCWzKhU_kRI%2FAAAAAAAAA_E%2FvpuEsF8exyg%2Fs1600%2Frare%2Bsteak.jpg&amp;sp=1bf791acd87a1d38b0aca114a1bbbe2c\" \/>\n<meta name=\"author\" content=\"michael\" \/>\n<meta name=\"twitter:card\" content=\"summary_large_image\" \/>\n<meta name=\"twitter:label1\" content=\"Verfasst von\" \/>\n\t<meta name=\"twitter:data1\" content=\"michael\" \/>\n\t<meta name=\"twitter:label2\" content=\"Gesch\u00e4tzte Lesezeit\" \/>\n\t<meta name=\"twitter:data2\" content=\"1\u00a0Minute\" \/>\n<script type=\"application\/ld+json\" class=\"yoast-schema-graph\">{\"@context\":\"https:\/\/schema.org\",\"@graph\":[{\"@type\":\"Article\",\"@id\":\"http:\/\/omnia.alte-messe-bistum-speyer.de\/?p=2702#article\",\"isPartOf\":{\"@id\":\"http:\/\/omnia.alte-messe-bistum-speyer.de\/?p=2702\"},\"author\":{\"name\":\"michael\",\"@id\":\"http:\/\/omnia.alte-messe-bistum-speyer.de\/#\/schema\/person\/f541313e5005fba6ea4b73092e894370\"},\"headline\":\"Admonter Rindersteak\",\"datePublished\":\"2015-11-07T20:01:11+00:00\",\"dateModified\":\"2016-01-08T14:10:09+00:00\",\"mainEntityOfPage\":{\"@id\":\"http:\/\/omnia.alte-messe-bistum-speyer.de\/?p=2702\"},\"wordCount\":134,\"publisher\":{\"@id\":\"http:\/\/omnia.alte-messe-bistum-speyer.de\/#organization\"},\"image\":{\"@id\":\"http:\/\/omnia.alte-messe-bistum-speyer.de\/?p=2702#primaryimage\"},\"thumbnailUrl\":\"https:\/\/s3-eu5.ixquick.com\/cgi-bin\/serveimage?url=http%3A%2F%2F3.bp.blogspot.com%2F-hVhYE05mWjY%2FUCWzKhU_kRI%2FAAAAAAAAA_E%2FvpuEsF8exyg%2Fs1600%2Frare%2Bsteak.jpg&amp;sp=1bf791acd87a1d38b0aca114a1bbbe2c\",\"articleSection\":[\"Vatikanisches Kochbuch\"],\"inLanguage\":\"de\"},{\"@type\":\"WebPage\",\"@id\":\"http:\/\/omnia.alte-messe-bistum-speyer.de\/?p=2702\",\"url\":\"http:\/\/omnia.alte-messe-bistum-speyer.de\/?p=2702\",\"name\":\"Admonter Rindersteak - OmniBlog\",\"isPartOf\":{\"@id\":\"http:\/\/omnia.alte-messe-bistum-speyer.de\/#website\"},\"primaryImageOfPage\":{\"@id\":\"http:\/\/omnia.alte-messe-bistum-speyer.de\/?p=2702#primaryimage\"},\"image\":{\"@id\":\"http:\/\/omnia.alte-messe-bistum-speyer.de\/?p=2702#primaryimage\"},\"thumbnailUrl\":\"https:\/\/s3-eu5.ixquick.com\/cgi-bin\/serveimage?url=http%3A%2F%2F3.bp.blogspot.com%2F-hVhYE05mWjY%2FUCWzKhU_kRI%2FAAAAAAAAA_E%2FvpuEsF8exyg%2Fs1600%2Frare%2Bsteak.jpg&amp;sp=1bf791acd87a1d38b0aca114a1bbbe2c\",\"datePublished\":\"2015-11-07T20:01:11+00:00\",\"dateModified\":\"2016-01-08T14:10:09+00:00\",\"breadcrumb\":{\"@id\":\"http:\/\/omnia.alte-messe-bistum-speyer.de\/?p=2702#breadcrumb\"},\"inLanguage\":\"de\",\"potentialAction\":[{\"@type\":\"ReadAction\",\"target\":[\"http:\/\/omnia.alte-messe-bistum-speyer.de\/?p=2702\"]}]},{\"@type\":\"ImageObject\",\"inLanguage\":\"de\",\"@id\":\"http:\/\/omnia.alte-messe-bistum-speyer.de\/?p=2702#primaryimage\",\"url\":\"https:\/\/s3-eu5.ixquick.com\/cgi-bin\/serveimage?url=http%3A%2F%2F3.bp.blogspot.com%2F-hVhYE05mWjY%2FUCWzKhU_kRI%2FAAAAAAAAA_E%2FvpuEsF8exyg%2Fs1600%2Frare%2Bsteak.jpg&amp;sp=1bf791acd87a1d38b0aca114a1bbbe2c\",\"contentUrl\":\"https:\/\/s3-eu5.ixquick.com\/cgi-bin\/serveimage?url=http%3A%2F%2F3.bp.blogspot.com%2F-hVhYE05mWjY%2FUCWzKhU_kRI%2FAAAAAAAAA_E%2FvpuEsF8exyg%2Fs1600%2Frare%2Bsteak.jpg&amp;sp=1bf791acd87a1d38b0aca114a1bbbe2c\"},{\"@type\":\"BreadcrumbList\",\"@id\":\"http:\/\/omnia.alte-messe-bistum-speyer.de\/?p=2702#breadcrumb\",\"itemListElement\":[{\"@type\":\"ListItem\",\"position\":1,\"name\":\"Startseite\",\"item\":\"http:\/\/omnia.alte-messe-bistum-speyer.de\/\"},{\"@type\":\"ListItem\",\"position\":2,\"name\":\"Admonter Rindersteak\"}]},{\"@type\":\"WebSite\",\"@id\":\"http:\/\/omnia.alte-messe-bistum-speyer.de\/#website\",\"url\":\"http:\/\/omnia.alte-messe-bistum-speyer.de\/\",\"name\":\"OmniBlog\",\"description\":\"Katholischer Glaube - Christliche Werte\",\"publisher\":{\"@id\":\"http:\/\/omnia.alte-messe-bistum-speyer.de\/#organization\"},\"potentialAction\":[{\"@type\":\"SearchAction\",\"target\":{\"@type\":\"EntryPoint\",\"urlTemplate\":\"http:\/\/omnia.alte-messe-bistum-speyer.de\/?s={search_term_string}\"},\"query-input\":{\"@type\":\"PropertyValueSpecification\",\"valueRequired\":true,\"valueName\":\"search_term_string\"}}],\"inLanguage\":\"de\"},{\"@type\":\"Organization\",\"@id\":\"http:\/\/omnia.alte-messe-bistum-speyer.de\/#organization\",\"name\":\"Omniblog\",\"url\":\"http:\/\/omnia.alte-messe-bistum-speyer.de\/\",\"logo\":{\"@type\":\"ImageObject\",\"inLanguage\":\"de\",\"@id\":\"http:\/\/omnia.alte-messe-bistum-speyer.de\/#\/schema\/logo\/image\/\",\"url\":\"http:\/\/omnia.alte-messe-bistum-speyer.de\/wp-content\/uploads\/2020\/03\/HL.Messe_.png\",\"contentUrl\":\"http:\/\/omnia.alte-messe-bistum-speyer.de\/wp-content\/uploads\/2020\/03\/HL.Messe_.png\",\"width\":487,\"height\":666,\"caption\":\"Omniblog\"},\"image\":{\"@id\":\"http:\/\/omnia.alte-messe-bistum-speyer.de\/#\/schema\/logo\/image\/\"}},{\"@type\":\"Person\",\"@id\":\"http:\/\/omnia.alte-messe-bistum-speyer.de\/#\/schema\/person\/f541313e5005fba6ea4b73092e894370\",\"name\":\"michael\",\"image\":{\"@type\":\"ImageObject\",\"inLanguage\":\"de\",\"@id\":\"http:\/\/omnia.alte-messe-bistum-speyer.de\/#\/schema\/person\/image\/\",\"url\":\"https:\/\/secure.gravatar.com\/avatar\/628fc1e28cd3cb7f4bc24dc0226dff79d4105570d38e57124f0d8c38985f05aa?s=96&d=identicon&r=g\",\"contentUrl\":\"https:\/\/secure.gravatar.com\/avatar\/628fc1e28cd3cb7f4bc24dc0226dff79d4105570d38e57124f0d8c38985f05aa?s=96&d=identicon&r=g\",\"caption\":\"michael\"},\"sameAs\":[\"http:\/\/www.omnia-instaurare-in-christo.de\"],\"url\":\"http:\/\/omnia.alte-messe-bistum-speyer.de\/?author=2\"}]}<\/script>\n<!-- \/ Yoast SEO plugin. -->","yoast_head_json":{"title":"Admonter Rindersteak - OmniBlog","robots":{"index":"index","follow":"follow","max-snippet":"max-snippet:-1","max-image-preview":"max-image-preview:large","max-video-preview":"max-video-preview:-1"},"canonical":"http:\/\/omnia.alte-messe-bistum-speyer.de\/?p=2702","og_locale":"de_DE","og_type":"article","og_title":"Admonter Rindersteak - OmniBlog","og_description":"(Rezept aus der Benediktinerabtei Admont\/\u00d6sterreich) Zutaten: 4 Rinderfiletsteaks, 1-2 EL Speise\u00f6l, 1 Zwiebel, 125ml Rotwein, \u00bc Liter gebundene Bratenso\u00dfe, 1 Becher s\u00fc\u00dfe Sahne, Salz, Pfeffer, 2 EL eingelegte gr\u00fcne Pfefferk\u00f6rner Zubereitung Die Rinderfiletsteaks unter flie\u00dfendem Wasser waschen, trocken tupfen, und nach Bedarf leicht klopfen. Das \u00d6l in einer Pfanne erhitzen und die Steaks darin medium &hellip; Admonter Rindersteak weiterlesen","og_url":"http:\/\/omnia.alte-messe-bistum-speyer.de\/?p=2702","og_site_name":"OmniBlog","article_published_time":"2015-11-07T20:01:11+00:00","article_modified_time":"2016-01-08T14:10:09+00:00","og_image":[{"url":"https:\/\/s3-eu5.ixquick.com\/cgi-bin\/serveimage?url=http%3A%2F%2F3.bp.blogspot.com%2F-hVhYE05mWjY%2FUCWzKhU_kRI%2FAAAAAAAAA_E%2FvpuEsF8exyg%2Fs1600%2Frare%2Bsteak.jpg&amp;sp=1bf791acd87a1d38b0aca114a1bbbe2c","type":"","width":"","height":""}],"author":"michael","twitter_card":"summary_large_image","twitter_misc":{"Verfasst von":"michael","Gesch\u00e4tzte Lesezeit":"1\u00a0Minute"},"schema":{"@context":"https:\/\/schema.org","@graph":[{"@type":"Article","@id":"http:\/\/omnia.alte-messe-bistum-speyer.de\/?p=2702#article","isPartOf":{"@id":"http:\/\/omnia.alte-messe-bistum-speyer.de\/?p=2702"},"author":{"name":"michael","@id":"http:\/\/omnia.alte-messe-bistum-speyer.de\/#\/schema\/person\/f541313e5005fba6ea4b73092e894370"},"headline":"Admonter Rindersteak","datePublished":"2015-11-07T20:01:11+00:00","dateModified":"2016-01-08T14:10:09+00:00","mainEntityOfPage":{"@id":"http:\/\/omnia.alte-messe-bistum-speyer.de\/?p=2702"},"wordCount":134,"publisher":{"@id":"http:\/\/omnia.alte-messe-bistum-speyer.de\/#organization"},"image":{"@id":"http:\/\/omnia.alte-messe-bistum-speyer.de\/?p=2702#primaryimage"},"thumbnailUrl":"https:\/\/s3-eu5.ixquick.com\/cgi-bin\/serveimage?url=http%3A%2F%2F3.bp.blogspot.com%2F-hVhYE05mWjY%2FUCWzKhU_kRI%2FAAAAAAAAA_E%2FvpuEsF8exyg%2Fs1600%2Frare%2Bsteak.jpg&amp;sp=1bf791acd87a1d38b0aca114a1bbbe2c","articleSection":["Vatikanisches Kochbuch"],"inLanguage":"de"},{"@type":"WebPage","@id":"http:\/\/omnia.alte-messe-bistum-speyer.de\/?p=2702","url":"http:\/\/omnia.alte-messe-bistum-speyer.de\/?p=2702","name":"Admonter Rindersteak - OmniBlog","isPartOf":{"@id":"http:\/\/omnia.alte-messe-bistum-speyer.de\/#website"},"primaryImageOfPage":{"@id":"http:\/\/omnia.alte-messe-bistum-speyer.de\/?p=2702#primaryimage"},"image":{"@id":"http:\/\/omnia.alte-messe-bistum-speyer.de\/?p=2702#primaryimage"},"thumbnailUrl":"https:\/\/s3-eu5.ixquick.com\/cgi-bin\/serveimage?url=http%3A%2F%2F3.bp.blogspot.com%2F-hVhYE05mWjY%2FUCWzKhU_kRI%2FAAAAAAAAA_E%2FvpuEsF8exyg%2Fs1600%2Frare%2Bsteak.jpg&amp;sp=1bf791acd87a1d38b0aca114a1bbbe2c","datePublished":"2015-11-07T20:01:11+00:00","dateModified":"2016-01-08T14:10:09+00:00","breadcrumb":{"@id":"http:\/\/omnia.alte-messe-bistum-speyer.de\/?p=2702#breadcrumb"},"inLanguage":"de","potentialAction":[{"@type":"ReadAction","target":["http:\/\/omnia.alte-messe-bistum-speyer.de\/?p=2702"]}]},{"@type":"ImageObject","inLanguage":"de","@id":"http:\/\/omnia.alte-messe-bistum-speyer.de\/?p=2702#primaryimage","url":"https:\/\/s3-eu5.ixquick.com\/cgi-bin\/serveimage?url=http%3A%2F%2F3.bp.blogspot.com%2F-hVhYE05mWjY%2FUCWzKhU_kRI%2FAAAAAAAAA_E%2FvpuEsF8exyg%2Fs1600%2Frare%2Bsteak.jpg&amp;sp=1bf791acd87a1d38b0aca114a1bbbe2c","contentUrl":"https:\/\/s3-eu5.ixquick.com\/cgi-bin\/serveimage?url=http%3A%2F%2F3.bp.blogspot.com%2F-hVhYE05mWjY%2FUCWzKhU_kRI%2FAAAAAAAAA_E%2FvpuEsF8exyg%2Fs1600%2Frare%2Bsteak.jpg&amp;sp=1bf791acd87a1d38b0aca114a1bbbe2c"},{"@type":"BreadcrumbList","@id":"http:\/\/omnia.alte-messe-bistum-speyer.de\/?p=2702#breadcrumb","itemListElement":[{"@type":"ListItem","position":1,"name":"Startseite","item":"http:\/\/omnia.alte-messe-bistum-speyer.de\/"},{"@type":"ListItem","position":2,"name":"Admonter Rindersteak"}]},{"@type":"WebSite","@id":"http:\/\/omnia.alte-messe-bistum-speyer.de\/#website","url":"http:\/\/omnia.alte-messe-bistum-speyer.de\/","name":"OmniBlog","description":"Katholischer Glaube - Christliche Werte","publisher":{"@id":"http:\/\/omnia.alte-messe-bistum-speyer.de\/#organization"},"potentialAction":[{"@type":"SearchAction","target":{"@type":"EntryPoint","urlTemplate":"http:\/\/omnia.alte-messe-bistum-speyer.de\/?s={search_term_string}"},"query-input":{"@type":"PropertyValueSpecification","valueRequired":true,"valueName":"search_term_string"}}],"inLanguage":"de"},{"@type":"Organization","@id":"http:\/\/omnia.alte-messe-bistum-speyer.de\/#organization","name":"Omniblog","url":"http:\/\/omnia.alte-messe-bistum-speyer.de\/","logo":{"@type":"ImageObject","inLanguage":"de","@id":"http:\/\/omnia.alte-messe-bistum-speyer.de\/#\/schema\/logo\/image\/","url":"http:\/\/omnia.alte-messe-bistum-speyer.de\/wp-content\/uploads\/2020\/03\/HL.Messe_.png","contentUrl":"http:\/\/omnia.alte-messe-bistum-speyer.de\/wp-content\/uploads\/2020\/03\/HL.Messe_.png","width":487,"height":666,"caption":"Omniblog"},"image":{"@id":"http:\/\/omnia.alte-messe-bistum-speyer.de\/#\/schema\/logo\/image\/"}},{"@type":"Person","@id":"http:\/\/omnia.alte-messe-bistum-speyer.de\/#\/schema\/person\/f541313e5005fba6ea4b73092e894370","name":"michael","image":{"@type":"ImageObject","inLanguage":"de","@id":"http:\/\/omnia.alte-messe-bistum-speyer.de\/#\/schema\/person\/image\/","url":"https:\/\/secure.gravatar.com\/avatar\/628fc1e28cd3cb7f4bc24dc0226dff79d4105570d38e57124f0d8c38985f05aa?s=96&d=identicon&r=g","contentUrl":"https:\/\/secure.gravatar.com\/avatar\/628fc1e28cd3cb7f4bc24dc0226dff79d4105570d38e57124f0d8c38985f05aa?s=96&d=identicon&r=g","caption":"michael"},"sameAs":["http:\/\/www.omnia-instaurare-in-christo.de"],"url":"http:\/\/omnia.alte-messe-bistum-speyer.de\/?author=2"}]}},"_links":{"self":[{"href":"http:\/\/omnia.alte-messe-bistum-speyer.de\/index.php?rest_route=\/wp\/v2\/posts\/2702","targetHints":{"allow":["GET"]}}],"collection":[{"href":"http:\/\/omnia.alte-messe-bistum-speyer.de\/index.php?rest_route=\/wp\/v2\/posts"}],"about":[{"href":"http:\/\/omnia.alte-messe-bistum-speyer.de\/index.php?rest_route=\/wp\/v2\/types\/post"}],"author":[{"embeddable":true,"href":"http:\/\/omnia.alte-messe-bistum-speyer.de\/index.php?rest_route=\/wp\/v2\/users\/2"}],"replies":[{"embeddable":true,"href":"http:\/\/omnia.alte-messe-bistum-speyer.de\/index.php?rest_route=%2Fwp%2Fv2%2Fcomments&post=2702"}],"version-history":[{"count":5,"href":"http:\/\/omnia.alte-messe-bistum-speyer.de\/index.php?rest_route=\/wp\/v2\/posts\/2702\/revisions"}],"predecessor-version":[{"id":2847,"href":"http:\/\/omnia.alte-messe-bistum-speyer.de\/index.php?rest_route=\/wp\/v2\/posts\/2702\/revisions\/2847"}],"wp:attachment":[{"href":"http:\/\/omnia.alte-messe-bistum-speyer.de\/index.php?rest_route=%2Fwp%2Fv2%2Fmedia&parent=2702"}],"wp:term":[{"taxonomy":"category","embeddable":true,"href":"http:\/\/omnia.alte-messe-bistum-speyer.de\/index.php?rest_route=%2Fwp%2Fv2%2Fcategories&post=2702"},{"taxonomy":"post_tag","embeddable":true,"href":"http:\/\/omnia.alte-messe-bistum-speyer.de\/index.php?rest_route=%2Fwp%2Fv2%2Ftags&post=2702"}],"curies":[{"name":"wp","href":"https:\/\/api.w.org\/{rel}","templated":true}]}}