{"id":2915,"date":"2016-03-13T19:16:29","date_gmt":"2016-03-13T17:16:29","guid":{"rendered":"http:\/\/omnia.alte-messe-bistum-speyer.de\/?p=2915"},"modified":"2016-03-25T12:12:15","modified_gmt":"2016-03-25T10:12:15","slug":"ostergottesdienste-im-chor-der-stiftskirche-zu-neustadt-2016","status":"publish","type":"post","link":"http:\/\/omnia.alte-messe-bistum-speyer.de\/?p=2915","title":{"rendered":"Ostergottesdienste im Chor der Stiftskirche zu Neustadt 2016"},"content":{"rendered":"<h1><span style=\"font-size: xx-large;\">Triduum Paschale<\/span><\/h1>\n<p><span style=\"font-size: medium;\">im tridentinischen Ritus<\/span><\/p>\n<p>&nbsp;<\/p>\n<table cellspacing=\"0\" cellpadding=\"7\" width=\"614\">\n<colgroup>\n<col width=\"209\"><\/col>\n<col width=\"377\"><\/col>\n<\/colgroup>\n<tbody>\n<tr>\n<td width=\"209\" valign=\"top\">\n<h2><a href=\"http:\/\/omnia.alte-messe-bistum-speyer.de\/wp-content\/uploads\/2012\/03\/Abendmahl_F.png\"><img loading=\"lazy\" decoding=\"async\" class=\"alignleft size-thumbnail wp-image-1409\" title=\"Abendmahl_F\" src=\"http:\/\/omnia.alte-messe-bistum-speyer.de\/wp-content\/uploads\/2012\/03\/Abendmahl_F-150x150.png\" alt=\"\" width=\"150\" height=\"150\" \/><\/a><\/h2>\n<\/td>\n<td width=\"377\">\n<h2>Abendmahlsamt<\/h2>\n<p><span style=\"color: #333333;\"><span style=\"font-size: large;\">am <\/span><\/span><span style=\"color: #333333;\"><span style=\"font-size: large;\"><strong>Gr\u00fcndonnerstag<\/strong><\/span><\/span><span style=\"color: #333333;\"><span style=\"font-size: large;\">, <\/span><\/span><\/p>\n<p><span style=\"color: #333333;\"><span style=\"font-size: large;\">den \t\t\t24. M\u00e4rz<\/span><\/span><\/p>\n<h2><span style=\"color: #333333;\"><span style=\"font-size: large;\">20:00 \t\t\tUhr<\/span><\/span><\/h2>\n<\/td>\n<\/tr>\n<tr>\n<td width=\"209\" valign=\"top\">\n<h2><a href=\"http:\/\/omnia.alte-messe-bistum-speyer.de\/wp-content\/uploads\/2012\/03\/kreuz.png\"><img loading=\"lazy\" decoding=\"async\" class=\"alignleft size-thumbnail wp-image-1410\" title=\"kreuz\" src=\"http:\/\/omnia.alte-messe-bistum-speyer.de\/wp-content\/uploads\/2012\/03\/kreuz-150x150.png\" alt=\"\" width=\"150\" height=\"150\" \/><\/a><\/h2>\n<\/td>\n<td width=\"377\">\n<h2>Karfreitagsliturgie<\/h2>\n<p><span style=\"color: #333333;\"><span style=\"font-size: large;\">am <\/span><\/span><span style=\"color: #333333;\"><span style=\"font-size: large;\"><strong>Karfreitag<\/strong><\/span><\/span><span style=\"color: #333333;\"><span style=\"font-size: large;\">,<\/span><\/span><\/p>\n<p><span style=\"color: #333333;\"><span style=\"font-size: large;\">den \t\t\t25.M\u00e4rz<\/span><\/span><\/p>\n<h2><span style=\"color: #333333;\"><span style=\"font-size: large;\">15:00 \t\t\tUhr<\/span><\/span><\/h2>\n<address><span style=\"color: #333333;\"><span style=\"font-size: large;\">zuvor wird um 14:20 Uhr eine Kreuzwegandacht gebetet<br \/>\n<\/span><\/span><\/address>\n<\/td>\n<\/tr>\n<tr>\n<td width=\"209\" valign=\"top\">\n<h2><a href=\"http:\/\/omnia.alte-messe-bistum-speyer.de\/wp-content\/uploads\/2012\/03\/auferstehung.png\"><img loading=\"lazy\" decoding=\"async\" class=\"alignleft size-thumbnail wp-image-1411\" title=\"auferstehung\" src=\"http:\/\/omnia.alte-messe-bistum-speyer.de\/wp-content\/uploads\/2012\/03\/auferstehung-150x150.png\" alt=\"\" width=\"150\" height=\"150\" \/><\/a><\/h2>\n<\/td>\n<td width=\"377\">\n<h2>Osternachtsfeier<\/h2>\n<p><span style=\"color: #333333;\"><span style=\"font-size: large;\">am <\/span><\/span><span style=\"color: #333333;\"><span style=\"font-size: large;\"><strong>Karsamstag<\/strong><\/span><\/span><span style=\"color: #333333;\"><span style=\"font-size: large;\">,<\/span><\/span><\/p>\n<p><span style=\"color: #333333;\"><span style=\"font-size: large;\">den \t\t\t26. M\u00e4rz<\/span><\/span><\/p>\n<p><span style=\"color: #333333;\"><span style=\"font-size: large;\"><strong>21:00 \t\t\tUhr<\/strong><\/span><\/span><\/td>\n<\/tr>\n<\/tbody>\n<\/table>\n<p>Bereits am <strong>Palmsonntag, den 2<\/strong><strong>0<\/strong><strong>. M\u00e4rz <\/strong><\/p>\n<ul>\n<li>um <strong>10:00 \tUhr <\/strong><span style=\"color: #333333;\">Palmweihe und Prozession<\/span><\/li>\n<\/ul>\n<p>Am <strong>Ostersonntag <\/strong>und <strong>Ostermontag <\/strong><\/p>\n<ul>\n<li><strong><span style=\"color: #333333;\">feierliches Amt im tridentinischen \tRitus jeweils um<\/span><\/strong><strong> <\/strong><strong>10:00 Uhr<\/strong><\/li>\n<\/ul>\n<p><a href=\"http:\/\/omnia.alte-messe-bistum-speyer.de\/wp-content\/uploads\/2016\/03\/Ostergottesdienste-im-Chor-der-Stiftskirche-zu-Neustadt-2016.pdf\">Download Flyer<\/a><\/p>\n","protected":false},"excerpt":{"rendered":"<p>Triduum Paschale im tridentinischen Ritus &nbsp; Abendmahlsamt am Gr\u00fcndonnerstag, den 24. M\u00e4rz 20:00 Uhr Karfreitagsliturgie am Karfreitag, den 25.M\u00e4rz 15:00 Uhr zuvor wird um 14:20 Uhr eine Kreuzwegandacht gebetet Osternachtsfeier am Karsamstag, den 26. M\u00e4rz 21:00 Uhr Bereits am Palmsonntag, den 20. M\u00e4rz um 10:00 Uhr Palmweihe und Prozession Am Ostersonntag und Ostermontag feierliches Amt &hellip; <a href=\"http:\/\/omnia.alte-messe-bistum-speyer.de\/?p=2915\" class=\"more-link\"><span class=\"screen-reader-text\">Ostergottesdienste im Chor der Stiftskirche zu Neustadt 2016<\/span> weiterlesen<\/a><\/p>\n","protected":false},"author":2,"featured_media":0,"comment_status":"closed","ping_status":"closed","sticky":false,"template":"","format":"standard","meta":{"footnotes":""},"categories":[7],"tags":[258],"class_list":["post-2915","post","type-post","status-publish","format-standard","hentry","category-ritus-stiftskirche","tag-triduum-paschale"],"yoast_head":"<!-- This site is optimized with the Yoast SEO plugin v25.8 - https:\/\/yoast.com\/wordpress\/plugins\/seo\/ -->\n<title>Ostergottesdienste im Chor der Stiftskirche zu Neustadt 2016 - OmniBlog<\/title>\n<meta name=\"robots\" content=\"index, follow, max-snippet:-1, max-image-preview:large, max-video-preview:-1\" \/>\n<link rel=\"canonical\" href=\"http:\/\/omnia.alte-messe-bistum-speyer.de\/?p=2915\" \/>\n<meta property=\"og:locale\" content=\"de_DE\" \/>\n<meta property=\"og:type\" content=\"article\" \/>\n<meta property=\"og:title\" content=\"Ostergottesdienste im Chor der Stiftskirche zu Neustadt 2016 - OmniBlog\" \/>\n<meta property=\"og:description\" content=\"Triduum Paschale im tridentinischen Ritus &nbsp; Abendmahlsamt am Gr\u00fcndonnerstag, den 24. M\u00e4rz 20:00 Uhr Karfreitagsliturgie am Karfreitag, den 25.M\u00e4rz 15:00 Uhr zuvor wird um 14:20 Uhr eine Kreuzwegandacht gebetet Osternachtsfeier am Karsamstag, den 26. M\u00e4rz 21:00 Uhr Bereits am Palmsonntag, den 20. M\u00e4rz um 10:00 Uhr Palmweihe und Prozession Am Ostersonntag und Ostermontag feierliches Amt &hellip; Ostergottesdienste im Chor der Stiftskirche zu Neustadt 2016 weiterlesen\" \/>\n<meta property=\"og:url\" content=\"http:\/\/omnia.alte-messe-bistum-speyer.de\/?p=2915\" \/>\n<meta property=\"og:site_name\" content=\"OmniBlog\" \/>\n<meta property=\"article:published_time\" content=\"2016-03-13T17:16:29+00:00\" \/>\n<meta property=\"article:modified_time\" content=\"2016-03-25T10:12:15+00:00\" \/>\n<meta name=\"author\" content=\"michael\" \/>\n<meta name=\"twitter:card\" content=\"summary_large_image\" \/>\n<meta name=\"twitter:label1\" content=\"Verfasst von\" \/>\n\t<meta name=\"twitter:data1\" content=\"michael\" \/>\n<script type=\"application\/ld+json\" class=\"yoast-schema-graph\">{\"@context\":\"https:\/\/schema.org\",\"@graph\":[{\"@type\":\"Article\",\"@id\":\"http:\/\/omnia.alte-messe-bistum-speyer.de\/?p=2915#article\",\"isPartOf\":{\"@id\":\"http:\/\/omnia.alte-messe-bistum-speyer.de\/?p=2915\"},\"author\":{\"name\":\"michael\",\"@id\":\"http:\/\/omnia.alte-messe-bistum-speyer.de\/#\/schema\/person\/f541313e5005fba6ea4b73092e894370\"},\"headline\":\"Ostergottesdienste im Chor der Stiftskirche zu Neustadt 2016\",\"datePublished\":\"2016-03-13T17:16:29+00:00\",\"dateModified\":\"2016-03-25T10:12:15+00:00\",\"mainEntityOfPage\":{\"@id\":\"http:\/\/omnia.alte-messe-bistum-speyer.de\/?p=2915\"},\"wordCount\":67,\"publisher\":{\"@id\":\"http:\/\/omnia.alte-messe-bistum-speyer.de\/#organization\"},\"image\":{\"@id\":\"http:\/\/omnia.alte-messe-bistum-speyer.de\/?p=2915#primaryimage\"},\"thumbnailUrl\":\"http:\/\/omnia.alte-messe-bistum-speyer.de\/wp-content\/uploads\/2012\/03\/Abendmahl_F-150x150.png\",\"keywords\":[\"Triduum Paschale\"],\"articleSection\":[\"Tridentinischer Ritus - Stiftskirche\"],\"inLanguage\":\"de\"},{\"@type\":\"WebPage\",\"@id\":\"http:\/\/omnia.alte-messe-bistum-speyer.de\/?p=2915\",\"url\":\"http:\/\/omnia.alte-messe-bistum-speyer.de\/?p=2915\",\"name\":\"Ostergottesdienste im Chor der Stiftskirche zu Neustadt 2016 - OmniBlog\",\"isPartOf\":{\"@id\":\"http:\/\/omnia.alte-messe-bistum-speyer.de\/#website\"},\"primaryImageOfPage\":{\"@id\":\"http:\/\/omnia.alte-messe-bistum-speyer.de\/?p=2915#primaryimage\"},\"image\":{\"@id\":\"http:\/\/omnia.alte-messe-bistum-speyer.de\/?p=2915#primaryimage\"},\"thumbnailUrl\":\"http:\/\/omnia.alte-messe-bistum-speyer.de\/wp-content\/uploads\/2012\/03\/Abendmahl_F-150x150.png\",\"datePublished\":\"2016-03-13T17:16:29+00:00\",\"dateModified\":\"2016-03-25T10:12:15+00:00\",\"breadcrumb\":{\"@id\":\"http:\/\/omnia.alte-messe-bistum-speyer.de\/?p=2915#breadcrumb\"},\"inLanguage\":\"de\",\"potentialAction\":[{\"@type\":\"ReadAction\",\"target\":[\"http:\/\/omnia.alte-messe-bistum-speyer.de\/?p=2915\"]}]},{\"@type\":\"ImageObject\",\"inLanguage\":\"de\",\"@id\":\"http:\/\/omnia.alte-messe-bistum-speyer.de\/?p=2915#primaryimage\",\"url\":\"\",\"contentUrl\":\"\"},{\"@type\":\"BreadcrumbList\",\"@id\":\"http:\/\/omnia.alte-messe-bistum-speyer.de\/?p=2915#breadcrumb\",\"itemListElement\":[{\"@type\":\"ListItem\",\"position\":1,\"name\":\"Startseite\",\"item\":\"http:\/\/omnia.alte-messe-bistum-speyer.de\/\"},{\"@type\":\"ListItem\",\"position\":2,\"name\":\"Ostergottesdienste im Chor der Stiftskirche zu Neustadt 2016\"}]},{\"@type\":\"WebSite\",\"@id\":\"http:\/\/omnia.alte-messe-bistum-speyer.de\/#website\",\"url\":\"http:\/\/omnia.alte-messe-bistum-speyer.de\/\",\"name\":\"OmniBlog\",\"description\":\"Katholischer Glaube - Christliche Werte\",\"publisher\":{\"@id\":\"http:\/\/omnia.alte-messe-bistum-speyer.de\/#organization\"},\"potentialAction\":[{\"@type\":\"SearchAction\",\"target\":{\"@type\":\"EntryPoint\",\"urlTemplate\":\"http:\/\/omnia.alte-messe-bistum-speyer.de\/?s={search_term_string}\"},\"query-input\":{\"@type\":\"PropertyValueSpecification\",\"valueRequired\":true,\"valueName\":\"search_term_string\"}}],\"inLanguage\":\"de\"},{\"@type\":\"Organization\",\"@id\":\"http:\/\/omnia.alte-messe-bistum-speyer.de\/#organization\",\"name\":\"Omniblog\",\"url\":\"http:\/\/omnia.alte-messe-bistum-speyer.de\/\",\"logo\":{\"@type\":\"ImageObject\",\"inLanguage\":\"de\",\"@id\":\"http:\/\/omnia.alte-messe-bistum-speyer.de\/#\/schema\/logo\/image\/\",\"url\":\"http:\/\/omnia.alte-messe-bistum-speyer.de\/wp-content\/uploads\/2020\/03\/HL.Messe_.png\",\"contentUrl\":\"http:\/\/omnia.alte-messe-bistum-speyer.de\/wp-content\/uploads\/2020\/03\/HL.Messe_.png\",\"width\":487,\"height\":666,\"caption\":\"Omniblog\"},\"image\":{\"@id\":\"http:\/\/omnia.alte-messe-bistum-speyer.de\/#\/schema\/logo\/image\/\"}},{\"@type\":\"Person\",\"@id\":\"http:\/\/omnia.alte-messe-bistum-speyer.de\/#\/schema\/person\/f541313e5005fba6ea4b73092e894370\",\"name\":\"michael\",\"image\":{\"@type\":\"ImageObject\",\"inLanguage\":\"de\",\"@id\":\"http:\/\/omnia.alte-messe-bistum-speyer.de\/#\/schema\/person\/image\/\",\"url\":\"https:\/\/secure.gravatar.com\/avatar\/628fc1e28cd3cb7f4bc24dc0226dff79d4105570d38e57124f0d8c38985f05aa?s=96&d=identicon&r=g\",\"contentUrl\":\"https:\/\/secure.gravatar.com\/avatar\/628fc1e28cd3cb7f4bc24dc0226dff79d4105570d38e57124f0d8c38985f05aa?s=96&d=identicon&r=g\",\"caption\":\"michael\"},\"sameAs\":[\"http:\/\/www.omnia-instaurare-in-christo.de\"],\"url\":\"http:\/\/omnia.alte-messe-bistum-speyer.de\/?author=2\"}]}<\/script>\n<!-- \/ Yoast SEO plugin. -->","yoast_head_json":{"title":"Ostergottesdienste im Chor der Stiftskirche zu Neustadt 2016 - OmniBlog","robots":{"index":"index","follow":"follow","max-snippet":"max-snippet:-1","max-image-preview":"max-image-preview:large","max-video-preview":"max-video-preview:-1"},"canonical":"http:\/\/omnia.alte-messe-bistum-speyer.de\/?p=2915","og_locale":"de_DE","og_type":"article","og_title":"Ostergottesdienste im Chor der Stiftskirche zu Neustadt 2016 - OmniBlog","og_description":"Triduum Paschale im tridentinischen Ritus &nbsp; Abendmahlsamt am Gr\u00fcndonnerstag, den 24. M\u00e4rz 20:00 Uhr Karfreitagsliturgie am Karfreitag, den 25.M\u00e4rz 15:00 Uhr zuvor wird um 14:20 Uhr eine Kreuzwegandacht gebetet Osternachtsfeier am Karsamstag, den 26. M\u00e4rz 21:00 Uhr Bereits am Palmsonntag, den 20. M\u00e4rz um 10:00 Uhr Palmweihe und Prozession Am Ostersonntag und Ostermontag feierliches Amt &hellip; Ostergottesdienste im Chor der Stiftskirche zu Neustadt 2016 weiterlesen","og_url":"http:\/\/omnia.alte-messe-bistum-speyer.de\/?p=2915","og_site_name":"OmniBlog","article_published_time":"2016-03-13T17:16:29+00:00","article_modified_time":"2016-03-25T10:12:15+00:00","author":"michael","twitter_card":"summary_large_image","twitter_misc":{"Verfasst von":"michael"},"schema":{"@context":"https:\/\/schema.org","@graph":[{"@type":"Article","@id":"http:\/\/omnia.alte-messe-bistum-speyer.de\/?p=2915#article","isPartOf":{"@id":"http:\/\/omnia.alte-messe-bistum-speyer.de\/?p=2915"},"author":{"name":"michael","@id":"http:\/\/omnia.alte-messe-bistum-speyer.de\/#\/schema\/person\/f541313e5005fba6ea4b73092e894370"},"headline":"Ostergottesdienste im Chor der Stiftskirche zu Neustadt 2016","datePublished":"2016-03-13T17:16:29+00:00","dateModified":"2016-03-25T10:12:15+00:00","mainEntityOfPage":{"@id":"http:\/\/omnia.alte-messe-bistum-speyer.de\/?p=2915"},"wordCount":67,"publisher":{"@id":"http:\/\/omnia.alte-messe-bistum-speyer.de\/#organization"},"image":{"@id":"http:\/\/omnia.alte-messe-bistum-speyer.de\/?p=2915#primaryimage"},"thumbnailUrl":"http:\/\/omnia.alte-messe-bistum-speyer.de\/wp-content\/uploads\/2012\/03\/Abendmahl_F-150x150.png","keywords":["Triduum Paschale"],"articleSection":["Tridentinischer Ritus - Stiftskirche"],"inLanguage":"de"},{"@type":"WebPage","@id":"http:\/\/omnia.alte-messe-bistum-speyer.de\/?p=2915","url":"http:\/\/omnia.alte-messe-bistum-speyer.de\/?p=2915","name":"Ostergottesdienste im Chor der Stiftskirche zu Neustadt 2016 - OmniBlog","isPartOf":{"@id":"http:\/\/omnia.alte-messe-bistum-speyer.de\/#website"},"primaryImageOfPage":{"@id":"http:\/\/omnia.alte-messe-bistum-speyer.de\/?p=2915#primaryimage"},"image":{"@id":"http:\/\/omnia.alte-messe-bistum-speyer.de\/?p=2915#primaryimage"},"thumbnailUrl":"http:\/\/omnia.alte-messe-bistum-speyer.de\/wp-content\/uploads\/2012\/03\/Abendmahl_F-150x150.png","datePublished":"2016-03-13T17:16:29+00:00","dateModified":"2016-03-25T10:12:15+00:00","breadcrumb":{"@id":"http:\/\/omnia.alte-messe-bistum-speyer.de\/?p=2915#breadcrumb"},"inLanguage":"de","potentialAction":[{"@type":"ReadAction","target":["http:\/\/omnia.alte-messe-bistum-speyer.de\/?p=2915"]}]},{"@type":"ImageObject","inLanguage":"de","@id":"http:\/\/omnia.alte-messe-bistum-speyer.de\/?p=2915#primaryimage","url":"","contentUrl":""},{"@type":"BreadcrumbList","@id":"http:\/\/omnia.alte-messe-bistum-speyer.de\/?p=2915#breadcrumb","itemListElement":[{"@type":"ListItem","position":1,"name":"Startseite","item":"http:\/\/omnia.alte-messe-bistum-speyer.de\/"},{"@type":"ListItem","position":2,"name":"Ostergottesdienste im Chor der Stiftskirche zu Neustadt 2016"}]},{"@type":"WebSite","@id":"http:\/\/omnia.alte-messe-bistum-speyer.de\/#website","url":"http:\/\/omnia.alte-messe-bistum-speyer.de\/","name":"OmniBlog","description":"Katholischer Glaube - Christliche Werte","publisher":{"@id":"http:\/\/omnia.alte-messe-bistum-speyer.de\/#organization"},"potentialAction":[{"@type":"SearchAction","target":{"@type":"EntryPoint","urlTemplate":"http:\/\/omnia.alte-messe-bistum-speyer.de\/?s={search_term_string}"},"query-input":{"@type":"PropertyValueSpecification","valueRequired":true,"valueName":"search_term_string"}}],"inLanguage":"de"},{"@type":"Organization","@id":"http:\/\/omnia.alte-messe-bistum-speyer.de\/#organization","name":"Omniblog","url":"http:\/\/omnia.alte-messe-bistum-speyer.de\/","logo":{"@type":"ImageObject","inLanguage":"de","@id":"http:\/\/omnia.alte-messe-bistum-speyer.de\/#\/schema\/logo\/image\/","url":"http:\/\/omnia.alte-messe-bistum-speyer.de\/wp-content\/uploads\/2020\/03\/HL.Messe_.png","contentUrl":"http:\/\/omnia.alte-messe-bistum-speyer.de\/wp-content\/uploads\/2020\/03\/HL.Messe_.png","width":487,"height":666,"caption":"Omniblog"},"image":{"@id":"http:\/\/omnia.alte-messe-bistum-speyer.de\/#\/schema\/logo\/image\/"}},{"@type":"Person","@id":"http:\/\/omnia.alte-messe-bistum-speyer.de\/#\/schema\/person\/f541313e5005fba6ea4b73092e894370","name":"michael","image":{"@type":"ImageObject","inLanguage":"de","@id":"http:\/\/omnia.alte-messe-bistum-speyer.de\/#\/schema\/person\/image\/","url":"https:\/\/secure.gravatar.com\/avatar\/628fc1e28cd3cb7f4bc24dc0226dff79d4105570d38e57124f0d8c38985f05aa?s=96&d=identicon&r=g","contentUrl":"https:\/\/secure.gravatar.com\/avatar\/628fc1e28cd3cb7f4bc24dc0226dff79d4105570d38e57124f0d8c38985f05aa?s=96&d=identicon&r=g","caption":"michael"},"sameAs":["http:\/\/www.omnia-instaurare-in-christo.de"],"url":"http:\/\/omnia.alte-messe-bistum-speyer.de\/?author=2"}]}},"_links":{"self":[{"href":"http:\/\/omnia.alte-messe-bistum-speyer.de\/index.php?rest_route=\/wp\/v2\/posts\/2915","targetHints":{"allow":["GET"]}}],"collection":[{"href":"http:\/\/omnia.alte-messe-bistum-speyer.de\/index.php?rest_route=\/wp\/v2\/posts"}],"about":[{"href":"http:\/\/omnia.alte-messe-bistum-speyer.de\/index.php?rest_route=\/wp\/v2\/types\/post"}],"author":[{"embeddable":true,"href":"http:\/\/omnia.alte-messe-bistum-speyer.de\/index.php?rest_route=\/wp\/v2\/users\/2"}],"replies":[{"embeddable":true,"href":"http:\/\/omnia.alte-messe-bistum-speyer.de\/index.php?rest_route=%2Fwp%2Fv2%2Fcomments&post=2915"}],"version-history":[{"count":13,"href":"http:\/\/omnia.alte-messe-bistum-speyer.de\/index.php?rest_route=\/wp\/v2\/posts\/2915\/revisions"}],"predecessor-version":[{"id":2927,"href":"http:\/\/omnia.alte-messe-bistum-speyer.de\/index.php?rest_route=\/wp\/v2\/posts\/2915\/revisions\/2927"}],"wp:attachment":[{"href":"http:\/\/omnia.alte-messe-bistum-speyer.de\/index.php?rest_route=%2Fwp%2Fv2%2Fmedia&parent=2915"}],"wp:term":[{"taxonomy":"category","embeddable":true,"href":"http:\/\/omnia.alte-messe-bistum-speyer.de\/index.php?rest_route=%2Fwp%2Fv2%2Fcategories&post=2915"},{"taxonomy":"post_tag","embeddable":true,"href":"http:\/\/omnia.alte-messe-bistum-speyer.de\/index.php?rest_route=%2Fwp%2Fv2%2Ftags&post=2915"}],"curies":[{"name":"wp","href":"https:\/\/api.w.org\/{rel}","templated":true}]}}