{"id":2938,"date":"2016-04-05T19:21:18","date_gmt":"2016-04-05T17:21:18","guid":{"rendered":"http:\/\/omnia.alte-messe-bistum-speyer.de\/?p=2938"},"modified":"2016-04-05T12:37:47","modified_gmt":"2016-04-05T10:37:47","slug":"wallfahrtstag-zum-hochfest-patrona-bavariae-2016","status":"publish","type":"post","link":"http:\/\/omnia.alte-messe-bistum-speyer.de\/?p=2938","title":{"rendered":"Wallfahrtstag zum Hochfest Patrona Bavariae 2016"},"content":{"rendered":"<p><img loading=\"lazy\" decoding=\"async\" class=\"alignnone\" title=\"Patrona Bavaria\" src=\"http:\/\/upload.wikimedia.org\/wikipedia\/commons\/thumb\/9\/91\/Mariens%C3%A4ule%2C_M%C3%BCnchen%2C_Deutschland2.jpg\/395px-Mariens%C3%A4ule%2C_M%C3%BCnchen%2C_Deutschland2.jpg\" alt=\"\" width=\"277\" height=\"420\" \/><\/p>\n<p>Die katholische Gemeinde im \u00fcberlieferten Ritus des Bistums Speyer l\u00e4d hiermit anl\u00e4sslich des Hochfestes \u201cPatrona Bavariae\u201d zu einem Wallfahrtstag am <strong> <\/strong><\/p>\n<p><strong>Sonntag, 08.05.2016, <\/strong><\/p>\n<p><strong>in der Stiftskirche Neustadt ein<\/strong>.<\/p>\n<p>Dieses Hochfest  wird in unserem Bistum traditionell noch gefeiert,  wenngleich wir hier  politisch seit 1947 nicht mehr zu Bayern geh\u00f6ren.  Nach wie vor z\u00e4hlen  wir jedoch kirchlicherseits zu  Bayern,\u00a0unterstehen\u00a0dem Erzbistum  Bamberg\u00a0und sind Mitglied in der  Freisinger Bischofskonferenz.<\/p>\n<p>Als Ehrengast erwarten wir den Nachkommen der Pf\u00e4lzer Kurf\u00fcrsten, S.D. F\u00fcrst Alois Konstantin zu L\u00f6wenstein-Wertheim-Rosenberg.<\/p>\n<h2>Tagesablauf<\/h2>\n<ul>\n<li><strong>10:00 Uhr Hochamt mit Segnung des Kurf\u00fcrstengrabes<\/strong>, zelebriert von Msgr. Dr. Norbert Weis aus Speyer<\/li>\n<li>ab <strong>12:00 Uh<\/strong>r Gelegenheit zum <strong>Mittagessen <\/strong>im nahen <strong>Casimirianum<\/strong><\/li>\n<li><strong>15:00 Uhr Maiandach<\/strong>t mit Marienprozession um die Kirche<\/li>\n<\/ul>\n<p>Zwischen Mittagessen und Maiandacht besteht<strong> Gelegenheit zur gef\u00fchrten Besteigung der Stiftskirchent\u00fcrme<\/strong> wo u.a. die gr\u00f6\u00dfte schwingende Stahlglocke der Welt und die zweitgr\u00f6\u00dfte Kirchenglocke Deutschlands h\u00e4ngt.<\/p>\n<h2>Organisatorisches<\/h2>\n<p>Teilnehmer am gemeinsamen Mittagessen an diesem Wallfahrtstag sind gebeten, sich in in der ausliegenden Liste in der Stiftskirche einzutragen. Oder eine formlose Email mit der Anzahl der teilnehmenden Personen an michael[\u00e4t]omnia-instaurare-in-christo.de zu richten. &#8211; Danke!<\/p>\n","protected":false},"excerpt":{"rendered":"<p>Die katholische Gemeinde im \u00fcberlieferten Ritus des Bistums Speyer l\u00e4d hiermit anl\u00e4sslich des Hochfestes \u201cPatrona Bavariae\u201d zu einem Wallfahrtstag am Sonntag, 08.05.2016, in der Stiftskirche Neustadt ein. Dieses Hochfest wird in unserem Bistum traditionell noch gefeiert, wenngleich wir hier politisch seit 1947 nicht mehr zu Bayern geh\u00f6ren. Nach wie vor z\u00e4hlen wir jedoch kirchlicherseits zu &hellip; <a href=\"http:\/\/omnia.alte-messe-bistum-speyer.de\/?p=2938\" class=\"more-link\"><span class=\"screen-reader-text\">Wallfahrtstag zum Hochfest Patrona Bavariae 2016<\/span> weiterlesen<\/a><\/p>\n","protected":false},"author":2,"featured_media":0,"comment_status":"closed","ping_status":"closed","sticky":false,"template":"","format":"standard","meta":{"footnotes":""},"categories":[77,7],"tags":[260,196],"class_list":["post-2938","post","type-post","status-publish","format-standard","hentry","category-termine","category-ritus-stiftskirche","tag-patrona-bavariae","tag-wallfahrtstag"],"yoast_head":"<!-- This site is optimized with the Yoast SEO plugin v25.8 - https:\/\/yoast.com\/wordpress\/plugins\/seo\/ -->\n<title>Wallfahrtstag zum Hochfest Patrona Bavariae 2016 - OmniBlog<\/title>\n<meta name=\"robots\" content=\"index, follow, max-snippet:-1, max-image-preview:large, max-video-preview:-1\" \/>\n<link rel=\"canonical\" href=\"http:\/\/omnia.alte-messe-bistum-speyer.de\/?p=2938\" \/>\n<meta property=\"og:locale\" content=\"de_DE\" \/>\n<meta property=\"og:type\" content=\"article\" \/>\n<meta property=\"og:title\" content=\"Wallfahrtstag zum Hochfest Patrona Bavariae 2016 - OmniBlog\" \/>\n<meta property=\"og:description\" content=\"Die katholische Gemeinde im \u00fcberlieferten Ritus des Bistums Speyer l\u00e4d hiermit anl\u00e4sslich des Hochfestes \u201cPatrona Bavariae\u201d zu einem Wallfahrtstag am Sonntag, 08.05.2016, in der Stiftskirche Neustadt ein. Dieses Hochfest wird in unserem Bistum traditionell noch gefeiert, wenngleich wir hier politisch seit 1947 nicht mehr zu Bayern geh\u00f6ren. Nach wie vor z\u00e4hlen wir jedoch kirchlicherseits zu &hellip; Wallfahrtstag zum Hochfest Patrona Bavariae 2016 weiterlesen\" \/>\n<meta property=\"og:url\" content=\"http:\/\/omnia.alte-messe-bistum-speyer.de\/?p=2938\" \/>\n<meta property=\"og:site_name\" content=\"OmniBlog\" \/>\n<meta property=\"article:published_time\" content=\"2016-04-05T17:21:18+00:00\" \/>\n<meta property=\"og:image\" content=\"http:\/\/upload.wikimedia.org\/wikipedia\/commons\/thumb\/9\/91\/Mariens%C3%A4ule%2C_M%C3%BCnchen%2C_Deutschland2.jpg\/395px-Mariens%C3%A4ule%2C_M%C3%BCnchen%2C_Deutschland2.jpg\" \/>\n<meta name=\"author\" content=\"michael\" \/>\n<meta name=\"twitter:card\" content=\"summary_large_image\" \/>\n<meta name=\"twitter:label1\" content=\"Verfasst von\" \/>\n\t<meta name=\"twitter:data1\" content=\"michael\" \/>\n\t<meta name=\"twitter:label2\" content=\"Gesch\u00e4tzte Lesezeit\" \/>\n\t<meta name=\"twitter:data2\" content=\"1\u00a0Minute\" \/>\n<script type=\"application\/ld+json\" class=\"yoast-schema-graph\">{\"@context\":\"https:\/\/schema.org\",\"@graph\":[{\"@type\":\"Article\",\"@id\":\"http:\/\/omnia.alte-messe-bistum-speyer.de\/?p=2938#article\",\"isPartOf\":{\"@id\":\"http:\/\/omnia.alte-messe-bistum-speyer.de\/?p=2938\"},\"author\":{\"name\":\"michael\",\"@id\":\"http:\/\/omnia.alte-messe-bistum-speyer.de\/#\/schema\/person\/f541313e5005fba6ea4b73092e894370\"},\"headline\":\"Wallfahrtstag zum Hochfest Patrona Bavariae 2016\",\"datePublished\":\"2016-04-05T17:21:18+00:00\",\"mainEntityOfPage\":{\"@id\":\"http:\/\/omnia.alte-messe-bistum-speyer.de\/?p=2938\"},\"wordCount\":195,\"publisher\":{\"@id\":\"http:\/\/omnia.alte-messe-bistum-speyer.de\/#organization\"},\"image\":{\"@id\":\"http:\/\/omnia.alte-messe-bistum-speyer.de\/?p=2938#primaryimage\"},\"thumbnailUrl\":\"http:\/\/upload.wikimedia.org\/wikipedia\/commons\/thumb\/9\/91\/Mariens%C3%A4ule%2C_M%C3%BCnchen%2C_Deutschland2.jpg\/395px-Mariens%C3%A4ule%2C_M%C3%BCnchen%2C_Deutschland2.jpg\",\"keywords\":[\"Patrona Bavariae\",\"Wallfahrtstag\"],\"articleSection\":[\"Termine\",\"Tridentinischer Ritus - Stiftskirche\"],\"inLanguage\":\"de\"},{\"@type\":\"WebPage\",\"@id\":\"http:\/\/omnia.alte-messe-bistum-speyer.de\/?p=2938\",\"url\":\"http:\/\/omnia.alte-messe-bistum-speyer.de\/?p=2938\",\"name\":\"Wallfahrtstag zum Hochfest Patrona Bavariae 2016 - OmniBlog\",\"isPartOf\":{\"@id\":\"http:\/\/omnia.alte-messe-bistum-speyer.de\/#website\"},\"primaryImageOfPage\":{\"@id\":\"http:\/\/omnia.alte-messe-bistum-speyer.de\/?p=2938#primaryimage\"},\"image\":{\"@id\":\"http:\/\/omnia.alte-messe-bistum-speyer.de\/?p=2938#primaryimage\"},\"thumbnailUrl\":\"http:\/\/upload.wikimedia.org\/wikipedia\/commons\/thumb\/9\/91\/Mariens%C3%A4ule%2C_M%C3%BCnchen%2C_Deutschland2.jpg\/395px-Mariens%C3%A4ule%2C_M%C3%BCnchen%2C_Deutschland2.jpg\",\"datePublished\":\"2016-04-05T17:21:18+00:00\",\"breadcrumb\":{\"@id\":\"http:\/\/omnia.alte-messe-bistum-speyer.de\/?p=2938#breadcrumb\"},\"inLanguage\":\"de\",\"potentialAction\":[{\"@type\":\"ReadAction\",\"target\":[\"http:\/\/omnia.alte-messe-bistum-speyer.de\/?p=2938\"]}]},{\"@type\":\"ImageObject\",\"inLanguage\":\"de\",\"@id\":\"http:\/\/omnia.alte-messe-bistum-speyer.de\/?p=2938#primaryimage\",\"url\":\"http:\/\/upload.wikimedia.org\/wikipedia\/commons\/thumb\/9\/91\/Mariens%C3%A4ule%2C_M%C3%BCnchen%2C_Deutschland2.jpg\/395px-Mariens%C3%A4ule%2C_M%C3%BCnchen%2C_Deutschland2.jpg\",\"contentUrl\":\"http:\/\/upload.wikimedia.org\/wikipedia\/commons\/thumb\/9\/91\/Mariens%C3%A4ule%2C_M%C3%BCnchen%2C_Deutschland2.jpg\/395px-Mariens%C3%A4ule%2C_M%C3%BCnchen%2C_Deutschland2.jpg\"},{\"@type\":\"BreadcrumbList\",\"@id\":\"http:\/\/omnia.alte-messe-bistum-speyer.de\/?p=2938#breadcrumb\",\"itemListElement\":[{\"@type\":\"ListItem\",\"position\":1,\"name\":\"Startseite\",\"item\":\"http:\/\/omnia.alte-messe-bistum-speyer.de\/\"},{\"@type\":\"ListItem\",\"position\":2,\"name\":\"Wallfahrtstag zum Hochfest Patrona Bavariae 2016\"}]},{\"@type\":\"WebSite\",\"@id\":\"http:\/\/omnia.alte-messe-bistum-speyer.de\/#website\",\"url\":\"http:\/\/omnia.alte-messe-bistum-speyer.de\/\",\"name\":\"OmniBlog\",\"description\":\"Katholischer Glaube - Christliche Werte\",\"publisher\":{\"@id\":\"http:\/\/omnia.alte-messe-bistum-speyer.de\/#organization\"},\"potentialAction\":[{\"@type\":\"SearchAction\",\"target\":{\"@type\":\"EntryPoint\",\"urlTemplate\":\"http:\/\/omnia.alte-messe-bistum-speyer.de\/?s={search_term_string}\"},\"query-input\":{\"@type\":\"PropertyValueSpecification\",\"valueRequired\":true,\"valueName\":\"search_term_string\"}}],\"inLanguage\":\"de\"},{\"@type\":\"Organization\",\"@id\":\"http:\/\/omnia.alte-messe-bistum-speyer.de\/#organization\",\"name\":\"Omniblog\",\"url\":\"http:\/\/omnia.alte-messe-bistum-speyer.de\/\",\"logo\":{\"@type\":\"ImageObject\",\"inLanguage\":\"de\",\"@id\":\"http:\/\/omnia.alte-messe-bistum-speyer.de\/#\/schema\/logo\/image\/\",\"url\":\"http:\/\/omnia.alte-messe-bistum-speyer.de\/wp-content\/uploads\/2020\/03\/HL.Messe_.png\",\"contentUrl\":\"http:\/\/omnia.alte-messe-bistum-speyer.de\/wp-content\/uploads\/2020\/03\/HL.Messe_.png\",\"width\":487,\"height\":666,\"caption\":\"Omniblog\"},\"image\":{\"@id\":\"http:\/\/omnia.alte-messe-bistum-speyer.de\/#\/schema\/logo\/image\/\"}},{\"@type\":\"Person\",\"@id\":\"http:\/\/omnia.alte-messe-bistum-speyer.de\/#\/schema\/person\/f541313e5005fba6ea4b73092e894370\",\"name\":\"michael\",\"image\":{\"@type\":\"ImageObject\",\"inLanguage\":\"de\",\"@id\":\"http:\/\/omnia.alte-messe-bistum-speyer.de\/#\/schema\/person\/image\/\",\"url\":\"https:\/\/secure.gravatar.com\/avatar\/628fc1e28cd3cb7f4bc24dc0226dff79d4105570d38e57124f0d8c38985f05aa?s=96&d=identicon&r=g\",\"contentUrl\":\"https:\/\/secure.gravatar.com\/avatar\/628fc1e28cd3cb7f4bc24dc0226dff79d4105570d38e57124f0d8c38985f05aa?s=96&d=identicon&r=g\",\"caption\":\"michael\"},\"sameAs\":[\"http:\/\/www.omnia-instaurare-in-christo.de\"],\"url\":\"http:\/\/omnia.alte-messe-bistum-speyer.de\/?author=2\"}]}<\/script>\n<!-- \/ Yoast SEO plugin. -->","yoast_head_json":{"title":"Wallfahrtstag zum Hochfest Patrona Bavariae 2016 - OmniBlog","robots":{"index":"index","follow":"follow","max-snippet":"max-snippet:-1","max-image-preview":"max-image-preview:large","max-video-preview":"max-video-preview:-1"},"canonical":"http:\/\/omnia.alte-messe-bistum-speyer.de\/?p=2938","og_locale":"de_DE","og_type":"article","og_title":"Wallfahrtstag zum Hochfest Patrona Bavariae 2016 - OmniBlog","og_description":"Die katholische Gemeinde im \u00fcberlieferten Ritus des Bistums Speyer l\u00e4d hiermit anl\u00e4sslich des Hochfestes \u201cPatrona Bavariae\u201d zu einem Wallfahrtstag am Sonntag, 08.05.2016, in der Stiftskirche Neustadt ein. Dieses Hochfest wird in unserem Bistum traditionell noch gefeiert, wenngleich wir hier politisch seit 1947 nicht mehr zu Bayern geh\u00f6ren. Nach wie vor z\u00e4hlen wir jedoch kirchlicherseits zu &hellip; Wallfahrtstag zum Hochfest Patrona Bavariae 2016 weiterlesen","og_url":"http:\/\/omnia.alte-messe-bistum-speyer.de\/?p=2938","og_site_name":"OmniBlog","article_published_time":"2016-04-05T17:21:18+00:00","og_image":[{"url":"http:\/\/upload.wikimedia.org\/wikipedia\/commons\/thumb\/9\/91\/Mariens%C3%A4ule%2C_M%C3%BCnchen%2C_Deutschland2.jpg\/395px-Mariens%C3%A4ule%2C_M%C3%BCnchen%2C_Deutschland2.jpg","type":"","width":"","height":""}],"author":"michael","twitter_card":"summary_large_image","twitter_misc":{"Verfasst von":"michael","Gesch\u00e4tzte Lesezeit":"1\u00a0Minute"},"schema":{"@context":"https:\/\/schema.org","@graph":[{"@type":"Article","@id":"http:\/\/omnia.alte-messe-bistum-speyer.de\/?p=2938#article","isPartOf":{"@id":"http:\/\/omnia.alte-messe-bistum-speyer.de\/?p=2938"},"author":{"name":"michael","@id":"http:\/\/omnia.alte-messe-bistum-speyer.de\/#\/schema\/person\/f541313e5005fba6ea4b73092e894370"},"headline":"Wallfahrtstag zum Hochfest Patrona Bavariae 2016","datePublished":"2016-04-05T17:21:18+00:00","mainEntityOfPage":{"@id":"http:\/\/omnia.alte-messe-bistum-speyer.de\/?p=2938"},"wordCount":195,"publisher":{"@id":"http:\/\/omnia.alte-messe-bistum-speyer.de\/#organization"},"image":{"@id":"http:\/\/omnia.alte-messe-bistum-speyer.de\/?p=2938#primaryimage"},"thumbnailUrl":"http:\/\/upload.wikimedia.org\/wikipedia\/commons\/thumb\/9\/91\/Mariens%C3%A4ule%2C_M%C3%BCnchen%2C_Deutschland2.jpg\/395px-Mariens%C3%A4ule%2C_M%C3%BCnchen%2C_Deutschland2.jpg","keywords":["Patrona Bavariae","Wallfahrtstag"],"articleSection":["Termine","Tridentinischer Ritus - Stiftskirche"],"inLanguage":"de"},{"@type":"WebPage","@id":"http:\/\/omnia.alte-messe-bistum-speyer.de\/?p=2938","url":"http:\/\/omnia.alte-messe-bistum-speyer.de\/?p=2938","name":"Wallfahrtstag zum Hochfest Patrona Bavariae 2016 - OmniBlog","isPartOf":{"@id":"http:\/\/omnia.alte-messe-bistum-speyer.de\/#website"},"primaryImageOfPage":{"@id":"http:\/\/omnia.alte-messe-bistum-speyer.de\/?p=2938#primaryimage"},"image":{"@id":"http:\/\/omnia.alte-messe-bistum-speyer.de\/?p=2938#primaryimage"},"thumbnailUrl":"http:\/\/upload.wikimedia.org\/wikipedia\/commons\/thumb\/9\/91\/Mariens%C3%A4ule%2C_M%C3%BCnchen%2C_Deutschland2.jpg\/395px-Mariens%C3%A4ule%2C_M%C3%BCnchen%2C_Deutschland2.jpg","datePublished":"2016-04-05T17:21:18+00:00","breadcrumb":{"@id":"http:\/\/omnia.alte-messe-bistum-speyer.de\/?p=2938#breadcrumb"},"inLanguage":"de","potentialAction":[{"@type":"ReadAction","target":["http:\/\/omnia.alte-messe-bistum-speyer.de\/?p=2938"]}]},{"@type":"ImageObject","inLanguage":"de","@id":"http:\/\/omnia.alte-messe-bistum-speyer.de\/?p=2938#primaryimage","url":"http:\/\/upload.wikimedia.org\/wikipedia\/commons\/thumb\/9\/91\/Mariens%C3%A4ule%2C_M%C3%BCnchen%2C_Deutschland2.jpg\/395px-Mariens%C3%A4ule%2C_M%C3%BCnchen%2C_Deutschland2.jpg","contentUrl":"http:\/\/upload.wikimedia.org\/wikipedia\/commons\/thumb\/9\/91\/Mariens%C3%A4ule%2C_M%C3%BCnchen%2C_Deutschland2.jpg\/395px-Mariens%C3%A4ule%2C_M%C3%BCnchen%2C_Deutschland2.jpg"},{"@type":"BreadcrumbList","@id":"http:\/\/omnia.alte-messe-bistum-speyer.de\/?p=2938#breadcrumb","itemListElement":[{"@type":"ListItem","position":1,"name":"Startseite","item":"http:\/\/omnia.alte-messe-bistum-speyer.de\/"},{"@type":"ListItem","position":2,"name":"Wallfahrtstag zum Hochfest Patrona Bavariae 2016"}]},{"@type":"WebSite","@id":"http:\/\/omnia.alte-messe-bistum-speyer.de\/#website","url":"http:\/\/omnia.alte-messe-bistum-speyer.de\/","name":"OmniBlog","description":"Katholischer Glaube - Christliche Werte","publisher":{"@id":"http:\/\/omnia.alte-messe-bistum-speyer.de\/#organization"},"potentialAction":[{"@type":"SearchAction","target":{"@type":"EntryPoint","urlTemplate":"http:\/\/omnia.alte-messe-bistum-speyer.de\/?s={search_term_string}"},"query-input":{"@type":"PropertyValueSpecification","valueRequired":true,"valueName":"search_term_string"}}],"inLanguage":"de"},{"@type":"Organization","@id":"http:\/\/omnia.alte-messe-bistum-speyer.de\/#organization","name":"Omniblog","url":"http:\/\/omnia.alte-messe-bistum-speyer.de\/","logo":{"@type":"ImageObject","inLanguage":"de","@id":"http:\/\/omnia.alte-messe-bistum-speyer.de\/#\/schema\/logo\/image\/","url":"http:\/\/omnia.alte-messe-bistum-speyer.de\/wp-content\/uploads\/2020\/03\/HL.Messe_.png","contentUrl":"http:\/\/omnia.alte-messe-bistum-speyer.de\/wp-content\/uploads\/2020\/03\/HL.Messe_.png","width":487,"height":666,"caption":"Omniblog"},"image":{"@id":"http:\/\/omnia.alte-messe-bistum-speyer.de\/#\/schema\/logo\/image\/"}},{"@type":"Person","@id":"http:\/\/omnia.alte-messe-bistum-speyer.de\/#\/schema\/person\/f541313e5005fba6ea4b73092e894370","name":"michael","image":{"@type":"ImageObject","inLanguage":"de","@id":"http:\/\/omnia.alte-messe-bistum-speyer.de\/#\/schema\/person\/image\/","url":"https:\/\/secure.gravatar.com\/avatar\/628fc1e28cd3cb7f4bc24dc0226dff79d4105570d38e57124f0d8c38985f05aa?s=96&d=identicon&r=g","contentUrl":"https:\/\/secure.gravatar.com\/avatar\/628fc1e28cd3cb7f4bc24dc0226dff79d4105570d38e57124f0d8c38985f05aa?s=96&d=identicon&r=g","caption":"michael"},"sameAs":["http:\/\/www.omnia-instaurare-in-christo.de"],"url":"http:\/\/omnia.alte-messe-bistum-speyer.de\/?author=2"}]}},"_links":{"self":[{"href":"http:\/\/omnia.alte-messe-bistum-speyer.de\/index.php?rest_route=\/wp\/v2\/posts\/2938","targetHints":{"allow":["GET"]}}],"collection":[{"href":"http:\/\/omnia.alte-messe-bistum-speyer.de\/index.php?rest_route=\/wp\/v2\/posts"}],"about":[{"href":"http:\/\/omnia.alte-messe-bistum-speyer.de\/index.php?rest_route=\/wp\/v2\/types\/post"}],"author":[{"embeddable":true,"href":"http:\/\/omnia.alte-messe-bistum-speyer.de\/index.php?rest_route=\/wp\/v2\/users\/2"}],"replies":[{"embeddable":true,"href":"http:\/\/omnia.alte-messe-bistum-speyer.de\/index.php?rest_route=%2Fwp%2Fv2%2Fcomments&post=2938"}],"version-history":[{"count":9,"href":"http:\/\/omnia.alte-messe-bistum-speyer.de\/index.php?rest_route=\/wp\/v2\/posts\/2938\/revisions"}],"predecessor-version":[{"id":2948,"href":"http:\/\/omnia.alte-messe-bistum-speyer.de\/index.php?rest_route=\/wp\/v2\/posts\/2938\/revisions\/2948"}],"wp:attachment":[{"href":"http:\/\/omnia.alte-messe-bistum-speyer.de\/index.php?rest_route=%2Fwp%2Fv2%2Fmedia&parent=2938"}],"wp:term":[{"taxonomy":"category","embeddable":true,"href":"http:\/\/omnia.alte-messe-bistum-speyer.de\/index.php?rest_route=%2Fwp%2Fv2%2Fcategories&post=2938"},{"taxonomy":"post_tag","embeddable":true,"href":"http:\/\/omnia.alte-messe-bistum-speyer.de\/index.php?rest_route=%2Fwp%2Fv2%2Ftags&post=2938"}],"curies":[{"name":"wp","href":"https:\/\/api.w.org\/{rel}","templated":true}]}}