{"id":3177,"date":"2017-11-18T23:22:07","date_gmt":"2017-11-18T21:22:07","guid":{"rendered":"http:\/\/omnia.alte-messe-bistum-speyer.de\/?p=3177"},"modified":"2017-10-20T13:27:29","modified_gmt":"2017-10-20T11:27:29","slug":"der-blick-der-erwahlt-und-ruft-und-alles-verandert","status":"publish","type":"post","link":"http:\/\/omnia.alte-messe-bistum-speyer.de\/?p=3177","title":{"rendered":"Der Blick, der erw\u00e4hlt und ruft und alles ver\u00e4ndert"},"content":{"rendered":"<h2>Der Blick, der erw\u00e4hlt und ruft und alles ver\u00e4ndert<\/h2>\n<figure style=\"width: 299px\" class=\"wp-caption alignleft\"><img loading=\"lazy\" decoding=\"async\" class=\"   \" src=\"https:\/\/upload.wikimedia.org\/wikipedia\/commons\/e\/eb\/Gospel_of_Luke_Chapter_19-3_%28Bible_Illustrations_by_Sweet_Media%29.jpg\" alt=\"\" width=\"299\" height=\"220\" \/><figcaption class=\"wp-caption-text\">commones.wikimedia.org<\/figcaption><\/figure>\n<p>Im Lukasevangelium ist oft vom &#8222;hinauf&#8220; und &#8222;herab&#8220; die Rede &#8211; hier, in dieser kleinen Erz\u00e4hlung, ist es Zach\u00e4us, der auf einen Baum hinaufsteigt, weil er den Wunsch hat, Jesus einmal zu sehen, und es ist Jesus, der ihn von seinem Baum herunterruft. Zuvor aber hat Jesus zu ihm nach oben geschaut.<br \/>\nEs ist eine Menschheitsparabel, die uns vor Augen f\u00fchrt, wie wir Gott begegnen, und in der wir lernen, den Menschen zu begegnen, mit einem Blick der Ehrfurcht und Liebe. Der erw\u00e4hlende Blick auf Zach\u00e4us kehrt alle Vorzeichen seines bisherigen Lebens um und es ver\u00e4ndert sich alles.<\/p>\n<p>&nbsp;<\/p>\n<p><a title=\"Zach\u00e4us\" href=\"http:\/\/maria-linden.podcaster.de\/marialinden\/media\/Podcast_30.10.16._Zachaeus_mixdown.mp3\" target=\"_blank\">Medien-Datei (audio\/mp3, 20.8 MB)<\/a><\/p>\n<p>aus Predigtreihe aus Maria Linden\/ Ottersweier (Baden)<\/p>\n<p><em>(Text: Veronika)<\/em><\/p>\n","protected":false},"excerpt":{"rendered":"<p>Der Blick, der erw\u00e4hlt und ruft und alles ver\u00e4ndert Im Lukasevangelium ist oft vom &#8222;hinauf&#8220; und &#8222;herab&#8220; die Rede &#8211; hier, in dieser kleinen Erz\u00e4hlung, ist es Zach\u00e4us, der auf einen Baum hinaufsteigt, weil er den Wunsch hat, Jesus einmal zu sehen, und es ist Jesus, der ihn von seinem Baum herunterruft. Zuvor aber hat &hellip; <a href=\"http:\/\/omnia.alte-messe-bistum-speyer.de\/?p=3177\" class=\"more-link\"><span class=\"screen-reader-text\">Der Blick, der erw\u00e4hlt und ruft und alles ver\u00e4ndert<\/span> weiterlesen<\/a><\/p>\n","protected":false},"author":2,"featured_media":0,"comment_status":"closed","ping_status":"closed","sticky":false,"template":"","format":"standard","meta":{"footnotes":""},"categories":[3,6],"tags":[279,284],"class_list":["post-3177","post","type-post","status-publish","format-standard","hentry","category-bewegendes","category-spirituelles","tag-gleichnis","tag-zachaus"],"yoast_head":"<!-- This site is optimized with the Yoast SEO plugin v25.8 - https:\/\/yoast.com\/wordpress\/plugins\/seo\/ -->\n<title>Der Blick, der erw\u00e4hlt und ruft und alles ver\u00e4ndert - OmniBlog<\/title>\n<meta name=\"robots\" content=\"index, follow, max-snippet:-1, max-image-preview:large, max-video-preview:-1\" \/>\n<link rel=\"canonical\" href=\"http:\/\/omnia.alte-messe-bistum-speyer.de\/?p=3177\" \/>\n<meta property=\"og:locale\" content=\"de_DE\" \/>\n<meta property=\"og:type\" content=\"article\" \/>\n<meta property=\"og:title\" content=\"Der Blick, der erw\u00e4hlt und ruft und alles ver\u00e4ndert - OmniBlog\" \/>\n<meta property=\"og:description\" content=\"Der Blick, der erw\u00e4hlt und ruft und alles ver\u00e4ndert Im Lukasevangelium ist oft vom &#8222;hinauf&#8220; und &#8222;herab&#8220; die Rede &#8211; hier, in dieser kleinen Erz\u00e4hlung, ist es Zach\u00e4us, der auf einen Baum hinaufsteigt, weil er den Wunsch hat, Jesus einmal zu sehen, und es ist Jesus, der ihn von seinem Baum herunterruft. Zuvor aber hat &hellip; Der Blick, der erw\u00e4hlt und ruft und alles ver\u00e4ndert weiterlesen\" \/>\n<meta property=\"og:url\" content=\"http:\/\/omnia.alte-messe-bistum-speyer.de\/?p=3177\" \/>\n<meta property=\"og:site_name\" content=\"OmniBlog\" \/>\n<meta property=\"article:published_time\" content=\"2017-11-18T21:22:07+00:00\" \/>\n<meta property=\"og:image\" content=\"https:\/\/upload.wikimedia.org\/wikipedia\/commons\/e\/eb\/Gospel_of_Luke_Chapter_19-3_%28Bible_Illustrations_by_Sweet_Media%29.jpg\" \/>\n<meta name=\"author\" content=\"michael\" \/>\n<meta name=\"twitter:card\" content=\"summary_large_image\" \/>\n<meta name=\"twitter:label1\" content=\"Verfasst von\" \/>\n\t<meta name=\"twitter:data1\" content=\"michael\" \/>\n\t<meta name=\"twitter:label2\" content=\"Gesch\u00e4tzte Lesezeit\" \/>\n\t<meta name=\"twitter:data2\" content=\"1\u00a0Minute\" \/>\n<script type=\"application\/ld+json\" class=\"yoast-schema-graph\">{\"@context\":\"https:\/\/schema.org\",\"@graph\":[{\"@type\":\"Article\",\"@id\":\"http:\/\/omnia.alte-messe-bistum-speyer.de\/?p=3177#article\",\"isPartOf\":{\"@id\":\"http:\/\/omnia.alte-messe-bistum-speyer.de\/?p=3177\"},\"author\":{\"name\":\"michael\",\"@id\":\"http:\/\/omnia.alte-messe-bistum-speyer.de\/#\/schema\/person\/f541313e5005fba6ea4b73092e894370\"},\"headline\":\"Der Blick, der erw\u00e4hlt und ruft und alles ver\u00e4ndert\",\"datePublished\":\"2017-11-18T21:22:07+00:00\",\"mainEntityOfPage\":{\"@id\":\"http:\/\/omnia.alte-messe-bistum-speyer.de\/?p=3177\"},\"wordCount\":150,\"publisher\":{\"@id\":\"http:\/\/omnia.alte-messe-bistum-speyer.de\/#organization\"},\"image\":{\"@id\":\"http:\/\/omnia.alte-messe-bistum-speyer.de\/?p=3177#primaryimage\"},\"thumbnailUrl\":\"https:\/\/upload.wikimedia.org\/wikipedia\/commons\/e\/eb\/Gospel_of_Luke_Chapter_19-3_%28Bible_Illustrations_by_Sweet_Media%29.jpg\",\"keywords\":[\"Gleichnis\",\"Zach\u00e4us\"],\"articleSection\":[\"Bewegendes\",\"Spirituelles\"],\"inLanguage\":\"de\"},{\"@type\":\"WebPage\",\"@id\":\"http:\/\/omnia.alte-messe-bistum-speyer.de\/?p=3177\",\"url\":\"http:\/\/omnia.alte-messe-bistum-speyer.de\/?p=3177\",\"name\":\"Der Blick, der erw\u00e4hlt und ruft und alles ver\u00e4ndert - OmniBlog\",\"isPartOf\":{\"@id\":\"http:\/\/omnia.alte-messe-bistum-speyer.de\/#website\"},\"primaryImageOfPage\":{\"@id\":\"http:\/\/omnia.alte-messe-bistum-speyer.de\/?p=3177#primaryimage\"},\"image\":{\"@id\":\"http:\/\/omnia.alte-messe-bistum-speyer.de\/?p=3177#primaryimage\"},\"thumbnailUrl\":\"https:\/\/upload.wikimedia.org\/wikipedia\/commons\/e\/eb\/Gospel_of_Luke_Chapter_19-3_%28Bible_Illustrations_by_Sweet_Media%29.jpg\",\"datePublished\":\"2017-11-18T21:22:07+00:00\",\"breadcrumb\":{\"@id\":\"http:\/\/omnia.alte-messe-bistum-speyer.de\/?p=3177#breadcrumb\"},\"inLanguage\":\"de\",\"potentialAction\":[{\"@type\":\"ReadAction\",\"target\":[\"http:\/\/omnia.alte-messe-bistum-speyer.de\/?p=3177\"]}]},{\"@type\":\"ImageObject\",\"inLanguage\":\"de\",\"@id\":\"http:\/\/omnia.alte-messe-bistum-speyer.de\/?p=3177#primaryimage\",\"url\":\"https:\/\/upload.wikimedia.org\/wikipedia\/commons\/e\/eb\/Gospel_of_Luke_Chapter_19-3_%28Bible_Illustrations_by_Sweet_Media%29.jpg\",\"contentUrl\":\"https:\/\/upload.wikimedia.org\/wikipedia\/commons\/e\/eb\/Gospel_of_Luke_Chapter_19-3_%28Bible_Illustrations_by_Sweet_Media%29.jpg\"},{\"@type\":\"BreadcrumbList\",\"@id\":\"http:\/\/omnia.alte-messe-bistum-speyer.de\/?p=3177#breadcrumb\",\"itemListElement\":[{\"@type\":\"ListItem\",\"position\":1,\"name\":\"Startseite\",\"item\":\"http:\/\/omnia.alte-messe-bistum-speyer.de\/\"},{\"@type\":\"ListItem\",\"position\":2,\"name\":\"Der Blick, der erw\u00e4hlt und ruft und alles ver\u00e4ndert\"}]},{\"@type\":\"WebSite\",\"@id\":\"http:\/\/omnia.alte-messe-bistum-speyer.de\/#website\",\"url\":\"http:\/\/omnia.alte-messe-bistum-speyer.de\/\",\"name\":\"OmniBlog\",\"description\":\"Katholischer Glaube - Christliche Werte\",\"publisher\":{\"@id\":\"http:\/\/omnia.alte-messe-bistum-speyer.de\/#organization\"},\"potentialAction\":[{\"@type\":\"SearchAction\",\"target\":{\"@type\":\"EntryPoint\",\"urlTemplate\":\"http:\/\/omnia.alte-messe-bistum-speyer.de\/?s={search_term_string}\"},\"query-input\":{\"@type\":\"PropertyValueSpecification\",\"valueRequired\":true,\"valueName\":\"search_term_string\"}}],\"inLanguage\":\"de\"},{\"@type\":\"Organization\",\"@id\":\"http:\/\/omnia.alte-messe-bistum-speyer.de\/#organization\",\"name\":\"Omniblog\",\"url\":\"http:\/\/omnia.alte-messe-bistum-speyer.de\/\",\"logo\":{\"@type\":\"ImageObject\",\"inLanguage\":\"de\",\"@id\":\"http:\/\/omnia.alte-messe-bistum-speyer.de\/#\/schema\/logo\/image\/\",\"url\":\"http:\/\/omnia.alte-messe-bistum-speyer.de\/wp-content\/uploads\/2020\/03\/HL.Messe_.png\",\"contentUrl\":\"http:\/\/omnia.alte-messe-bistum-speyer.de\/wp-content\/uploads\/2020\/03\/HL.Messe_.png\",\"width\":487,\"height\":666,\"caption\":\"Omniblog\"},\"image\":{\"@id\":\"http:\/\/omnia.alte-messe-bistum-speyer.de\/#\/schema\/logo\/image\/\"}},{\"@type\":\"Person\",\"@id\":\"http:\/\/omnia.alte-messe-bistum-speyer.de\/#\/schema\/person\/f541313e5005fba6ea4b73092e894370\",\"name\":\"michael\",\"image\":{\"@type\":\"ImageObject\",\"inLanguage\":\"de\",\"@id\":\"http:\/\/omnia.alte-messe-bistum-speyer.de\/#\/schema\/person\/image\/\",\"url\":\"https:\/\/secure.gravatar.com\/avatar\/628fc1e28cd3cb7f4bc24dc0226dff79d4105570d38e57124f0d8c38985f05aa?s=96&d=identicon&r=g\",\"contentUrl\":\"https:\/\/secure.gravatar.com\/avatar\/628fc1e28cd3cb7f4bc24dc0226dff79d4105570d38e57124f0d8c38985f05aa?s=96&d=identicon&r=g\",\"caption\":\"michael\"},\"sameAs\":[\"http:\/\/www.omnia-instaurare-in-christo.de\"],\"url\":\"http:\/\/omnia.alte-messe-bistum-speyer.de\/?author=2\"}]}<\/script>\n<!-- \/ Yoast SEO plugin. -->","yoast_head_json":{"title":"Der Blick, der erw\u00e4hlt und ruft und alles ver\u00e4ndert - OmniBlog","robots":{"index":"index","follow":"follow","max-snippet":"max-snippet:-1","max-image-preview":"max-image-preview:large","max-video-preview":"max-video-preview:-1"},"canonical":"http:\/\/omnia.alte-messe-bistum-speyer.de\/?p=3177","og_locale":"de_DE","og_type":"article","og_title":"Der Blick, der erw\u00e4hlt und ruft und alles ver\u00e4ndert - OmniBlog","og_description":"Der Blick, der erw\u00e4hlt und ruft und alles ver\u00e4ndert Im Lukasevangelium ist oft vom &#8222;hinauf&#8220; und &#8222;herab&#8220; die Rede &#8211; hier, in dieser kleinen Erz\u00e4hlung, ist es Zach\u00e4us, der auf einen Baum hinaufsteigt, weil er den Wunsch hat, Jesus einmal zu sehen, und es ist Jesus, der ihn von seinem Baum herunterruft. Zuvor aber hat &hellip; Der Blick, der erw\u00e4hlt und ruft und alles ver\u00e4ndert weiterlesen","og_url":"http:\/\/omnia.alte-messe-bistum-speyer.de\/?p=3177","og_site_name":"OmniBlog","article_published_time":"2017-11-18T21:22:07+00:00","og_image":[{"url":"https:\/\/upload.wikimedia.org\/wikipedia\/commons\/e\/eb\/Gospel_of_Luke_Chapter_19-3_%28Bible_Illustrations_by_Sweet_Media%29.jpg","type":"","width":"","height":""}],"author":"michael","twitter_card":"summary_large_image","twitter_misc":{"Verfasst von":"michael","Gesch\u00e4tzte Lesezeit":"1\u00a0Minute"},"schema":{"@context":"https:\/\/schema.org","@graph":[{"@type":"Article","@id":"http:\/\/omnia.alte-messe-bistum-speyer.de\/?p=3177#article","isPartOf":{"@id":"http:\/\/omnia.alte-messe-bistum-speyer.de\/?p=3177"},"author":{"name":"michael","@id":"http:\/\/omnia.alte-messe-bistum-speyer.de\/#\/schema\/person\/f541313e5005fba6ea4b73092e894370"},"headline":"Der Blick, der erw\u00e4hlt und ruft und alles ver\u00e4ndert","datePublished":"2017-11-18T21:22:07+00:00","mainEntityOfPage":{"@id":"http:\/\/omnia.alte-messe-bistum-speyer.de\/?p=3177"},"wordCount":150,"publisher":{"@id":"http:\/\/omnia.alte-messe-bistum-speyer.de\/#organization"},"image":{"@id":"http:\/\/omnia.alte-messe-bistum-speyer.de\/?p=3177#primaryimage"},"thumbnailUrl":"https:\/\/upload.wikimedia.org\/wikipedia\/commons\/e\/eb\/Gospel_of_Luke_Chapter_19-3_%28Bible_Illustrations_by_Sweet_Media%29.jpg","keywords":["Gleichnis","Zach\u00e4us"],"articleSection":["Bewegendes","Spirituelles"],"inLanguage":"de"},{"@type":"WebPage","@id":"http:\/\/omnia.alte-messe-bistum-speyer.de\/?p=3177","url":"http:\/\/omnia.alte-messe-bistum-speyer.de\/?p=3177","name":"Der Blick, der erw\u00e4hlt und ruft und alles ver\u00e4ndert - OmniBlog","isPartOf":{"@id":"http:\/\/omnia.alte-messe-bistum-speyer.de\/#website"},"primaryImageOfPage":{"@id":"http:\/\/omnia.alte-messe-bistum-speyer.de\/?p=3177#primaryimage"},"image":{"@id":"http:\/\/omnia.alte-messe-bistum-speyer.de\/?p=3177#primaryimage"},"thumbnailUrl":"https:\/\/upload.wikimedia.org\/wikipedia\/commons\/e\/eb\/Gospel_of_Luke_Chapter_19-3_%28Bible_Illustrations_by_Sweet_Media%29.jpg","datePublished":"2017-11-18T21:22:07+00:00","breadcrumb":{"@id":"http:\/\/omnia.alte-messe-bistum-speyer.de\/?p=3177#breadcrumb"},"inLanguage":"de","potentialAction":[{"@type":"ReadAction","target":["http:\/\/omnia.alte-messe-bistum-speyer.de\/?p=3177"]}]},{"@type":"ImageObject","inLanguage":"de","@id":"http:\/\/omnia.alte-messe-bistum-speyer.de\/?p=3177#primaryimage","url":"https:\/\/upload.wikimedia.org\/wikipedia\/commons\/e\/eb\/Gospel_of_Luke_Chapter_19-3_%28Bible_Illustrations_by_Sweet_Media%29.jpg","contentUrl":"https:\/\/upload.wikimedia.org\/wikipedia\/commons\/e\/eb\/Gospel_of_Luke_Chapter_19-3_%28Bible_Illustrations_by_Sweet_Media%29.jpg"},{"@type":"BreadcrumbList","@id":"http:\/\/omnia.alte-messe-bistum-speyer.de\/?p=3177#breadcrumb","itemListElement":[{"@type":"ListItem","position":1,"name":"Startseite","item":"http:\/\/omnia.alte-messe-bistum-speyer.de\/"},{"@type":"ListItem","position":2,"name":"Der Blick, der erw\u00e4hlt und ruft und alles ver\u00e4ndert"}]},{"@type":"WebSite","@id":"http:\/\/omnia.alte-messe-bistum-speyer.de\/#website","url":"http:\/\/omnia.alte-messe-bistum-speyer.de\/","name":"OmniBlog","description":"Katholischer Glaube - Christliche Werte","publisher":{"@id":"http:\/\/omnia.alte-messe-bistum-speyer.de\/#organization"},"potentialAction":[{"@type":"SearchAction","target":{"@type":"EntryPoint","urlTemplate":"http:\/\/omnia.alte-messe-bistum-speyer.de\/?s={search_term_string}"},"query-input":{"@type":"PropertyValueSpecification","valueRequired":true,"valueName":"search_term_string"}}],"inLanguage":"de"},{"@type":"Organization","@id":"http:\/\/omnia.alte-messe-bistum-speyer.de\/#organization","name":"Omniblog","url":"http:\/\/omnia.alte-messe-bistum-speyer.de\/","logo":{"@type":"ImageObject","inLanguage":"de","@id":"http:\/\/omnia.alte-messe-bistum-speyer.de\/#\/schema\/logo\/image\/","url":"http:\/\/omnia.alte-messe-bistum-speyer.de\/wp-content\/uploads\/2020\/03\/HL.Messe_.png","contentUrl":"http:\/\/omnia.alte-messe-bistum-speyer.de\/wp-content\/uploads\/2020\/03\/HL.Messe_.png","width":487,"height":666,"caption":"Omniblog"},"image":{"@id":"http:\/\/omnia.alte-messe-bistum-speyer.de\/#\/schema\/logo\/image\/"}},{"@type":"Person","@id":"http:\/\/omnia.alte-messe-bistum-speyer.de\/#\/schema\/person\/f541313e5005fba6ea4b73092e894370","name":"michael","image":{"@type":"ImageObject","inLanguage":"de","@id":"http:\/\/omnia.alte-messe-bistum-speyer.de\/#\/schema\/person\/image\/","url":"https:\/\/secure.gravatar.com\/avatar\/628fc1e28cd3cb7f4bc24dc0226dff79d4105570d38e57124f0d8c38985f05aa?s=96&d=identicon&r=g","contentUrl":"https:\/\/secure.gravatar.com\/avatar\/628fc1e28cd3cb7f4bc24dc0226dff79d4105570d38e57124f0d8c38985f05aa?s=96&d=identicon&r=g","caption":"michael"},"sameAs":["http:\/\/www.omnia-instaurare-in-christo.de"],"url":"http:\/\/omnia.alte-messe-bistum-speyer.de\/?author=2"}]}},"_links":{"self":[{"href":"http:\/\/omnia.alte-messe-bistum-speyer.de\/index.php?rest_route=\/wp\/v2\/posts\/3177","targetHints":{"allow":["GET"]}}],"collection":[{"href":"http:\/\/omnia.alte-messe-bistum-speyer.de\/index.php?rest_route=\/wp\/v2\/posts"}],"about":[{"href":"http:\/\/omnia.alte-messe-bistum-speyer.de\/index.php?rest_route=\/wp\/v2\/types\/post"}],"author":[{"embeddable":true,"href":"http:\/\/omnia.alte-messe-bistum-speyer.de\/index.php?rest_route=\/wp\/v2\/users\/2"}],"replies":[{"embeddable":true,"href":"http:\/\/omnia.alte-messe-bistum-speyer.de\/index.php?rest_route=%2Fwp%2Fv2%2Fcomments&post=3177"}],"version-history":[{"count":4,"href":"http:\/\/omnia.alte-messe-bistum-speyer.de\/index.php?rest_route=\/wp\/v2\/posts\/3177\/revisions"}],"predecessor-version":[{"id":3179,"href":"http:\/\/omnia.alte-messe-bistum-speyer.de\/index.php?rest_route=\/wp\/v2\/posts\/3177\/revisions\/3179"}],"wp:attachment":[{"href":"http:\/\/omnia.alte-messe-bistum-speyer.de\/index.php?rest_route=%2Fwp%2Fv2%2Fmedia&parent=3177"}],"wp:term":[{"taxonomy":"category","embeddable":true,"href":"http:\/\/omnia.alte-messe-bistum-speyer.de\/index.php?rest_route=%2Fwp%2Fv2%2Fcategories&post=3177"},{"taxonomy":"post_tag","embeddable":true,"href":"http:\/\/omnia.alte-messe-bistum-speyer.de\/index.php?rest_route=%2Fwp%2Fv2%2Ftags&post=3177"}],"curies":[{"name":"wp","href":"https:\/\/api.w.org\/{rel}","templated":true}]}}