{"id":3194,"date":"2017-12-02T22:42:03","date_gmt":"2017-12-02T20:42:03","guid":{"rendered":"http:\/\/omnia.alte-messe-bistum-speyer.de\/?p=3194"},"modified":"2017-10-27T16:20:02","modified_gmt":"2017-10-27T14:20:02","slug":"seid-wachsam","status":"publish","type":"post","link":"http:\/\/omnia.alte-messe-bistum-speyer.de\/?p=3194","title":{"rendered":"Seid wachsam!"},"content":{"rendered":"<h2>&#8222;Seid wachsam!&#8220;<\/h2>\n<h3>Erwartung &#8211; Ausschau halten, auch und mitten in der Bedr\u00e4ngnis<\/h3>\n<figure style=\"width: 300px\" class=\"wp-caption alignleft\"><img loading=\"lazy\" decoding=\"async\" src=\"http:\/\/thereseborchardblogdotcom.files.wordpress.com\/2013\/08\/candle-in-the-darkness.jpg?w=300\" alt=\"\" width=\"300\" height=\"199\" \/><figcaption class=\"wp-caption-text\">thereseborchardblogdotcom.files.wordpress.com<\/figcaption><\/figure>\n<p>Man k\u00f6nnte den Advent als die Jahresexerzitien der Christen bezeichnen. Exerzitien sind eine Ein\u00fcbungszeit, Ein\u00fcbung in die Sch\u00e4rfung der Sinne, die, trotz der \u00dcberflutung durch verfr\u00fchte Weihnachtsd\u00fcfte und Weihnachtskl\u00e4nge, ausgerichtet sind, um Ausschau halten zu lernen, um in Erwartung zu sein, damit Er eintreten und ankommen kann, mitten in unserer allt\u00e4glichen Bedr\u00e4ngnis, inmitten von allem, &#8222;was dr\u00e4ngt&#8220;.<br \/>\nWenn wir es in diesen Zeiten des Lebens nicht ein\u00fcben, in diesem &#8222;kleinen\u00a0 Advent&#8220; nicht lernen, auf den Herrn hin Ausschau zu halten, wie wollen wir es dann k\u00f6nnen, wenn die gro\u00dfen Bedr\u00e4ngnisse kommen, von denen auch im Evangelium vom heutigen ersten Advent die Rede ist.<\/p>\n<p><a href=\"http:\/\/maria-linden.podcaster.de\/marialinden\/media\/Podcast_27.11.16._Advent_Pod-Cast.mp3\" target=\"_blank\">Medien-Datei\u00a0 (audio\/mp3, 21.6 MB)<\/a><\/p>\n<p>aus Predigtreihe aus Maria Linden\/ Ottersweier (Baden)<\/p>\n<p><em>(Text: Veronika)<\/em><\/p>\n","protected":false},"excerpt":{"rendered":"<p>&#8222;Seid wachsam!&#8220; Erwartung &#8211; Ausschau halten, auch und mitten in der Bedr\u00e4ngnis Man k\u00f6nnte den Advent als die Jahresexerzitien der Christen bezeichnen. Exerzitien sind eine Ein\u00fcbungszeit, Ein\u00fcbung in die Sch\u00e4rfung der Sinne, die, trotz der \u00dcberflutung durch verfr\u00fchte Weihnachtsd\u00fcfte und Weihnachtskl\u00e4nge, ausgerichtet sind, um Ausschau halten zu lernen, um in Erwartung zu sein, damit Er &hellip; <a href=\"http:\/\/omnia.alte-messe-bistum-speyer.de\/?p=3194\" class=\"more-link\"><span class=\"screen-reader-text\">Seid wachsam!<\/span> weiterlesen<\/a><\/p>\n","protected":false},"author":2,"featured_media":0,"comment_status":"closed","ping_status":"closed","sticky":false,"template":"","format":"standard","meta":{"footnotes":""},"categories":[3,6],"tags":[159],"class_list":["post-3194","post","type-post","status-publish","format-standard","hentry","category-bewegendes","category-spirituelles","tag-advent"],"yoast_head":"<!-- This site is optimized with the Yoast SEO plugin v25.8 - https:\/\/yoast.com\/wordpress\/plugins\/seo\/ -->\n<title>Seid wachsam! - OmniBlog<\/title>\n<meta name=\"robots\" content=\"index, follow, max-snippet:-1, max-image-preview:large, max-video-preview:-1\" \/>\n<link rel=\"canonical\" href=\"http:\/\/omnia.alte-messe-bistum-speyer.de\/?p=3194\" \/>\n<meta property=\"og:locale\" content=\"de_DE\" \/>\n<meta property=\"og:type\" content=\"article\" \/>\n<meta property=\"og:title\" content=\"Seid wachsam! - OmniBlog\" \/>\n<meta property=\"og:description\" content=\"&#8222;Seid wachsam!&#8220; Erwartung &#8211; Ausschau halten, auch und mitten in der Bedr\u00e4ngnis Man k\u00f6nnte den Advent als die Jahresexerzitien der Christen bezeichnen. Exerzitien sind eine Ein\u00fcbungszeit, Ein\u00fcbung in die Sch\u00e4rfung der Sinne, die, trotz der \u00dcberflutung durch verfr\u00fchte Weihnachtsd\u00fcfte und Weihnachtskl\u00e4nge, ausgerichtet sind, um Ausschau halten zu lernen, um in Erwartung zu sein, damit Er &hellip; Seid wachsam! weiterlesen\" \/>\n<meta property=\"og:url\" content=\"http:\/\/omnia.alte-messe-bistum-speyer.de\/?p=3194\" \/>\n<meta property=\"og:site_name\" content=\"OmniBlog\" \/>\n<meta property=\"article:published_time\" content=\"2017-12-02T20:42:03+00:00\" \/>\n<meta property=\"og:image\" content=\"http:\/\/thereseborchardblogdotcom.files.wordpress.com\/2013\/08\/candle-in-the-darkness.jpg?w=300\" \/>\n<meta name=\"author\" content=\"michael\" \/>\n<meta name=\"twitter:card\" content=\"summary_large_image\" \/>\n<meta name=\"twitter:label1\" content=\"Verfasst von\" \/>\n\t<meta name=\"twitter:data1\" content=\"michael\" \/>\n\t<meta name=\"twitter:label2\" content=\"Gesch\u00e4tzte Lesezeit\" \/>\n\t<meta name=\"twitter:data2\" content=\"1\u00a0Minute\" \/>\n<script type=\"application\/ld+json\" class=\"yoast-schema-graph\">{\"@context\":\"https:\/\/schema.org\",\"@graph\":[{\"@type\":\"Article\",\"@id\":\"http:\/\/omnia.alte-messe-bistum-speyer.de\/?p=3194#article\",\"isPartOf\":{\"@id\":\"http:\/\/omnia.alte-messe-bistum-speyer.de\/?p=3194\"},\"author\":{\"name\":\"michael\",\"@id\":\"http:\/\/omnia.alte-messe-bistum-speyer.de\/#\/schema\/person\/f541313e5005fba6ea4b73092e894370\"},\"headline\":\"Seid wachsam!\",\"datePublished\":\"2017-12-02T20:42:03+00:00\",\"mainEntityOfPage\":{\"@id\":\"http:\/\/omnia.alte-messe-bistum-speyer.de\/?p=3194\"},\"wordCount\":156,\"publisher\":{\"@id\":\"http:\/\/omnia.alte-messe-bistum-speyer.de\/#organization\"},\"image\":{\"@id\":\"http:\/\/omnia.alte-messe-bistum-speyer.de\/?p=3194#primaryimage\"},\"thumbnailUrl\":\"http:\/\/thereseborchardblogdotcom.files.wordpress.com\/2013\/08\/candle-in-the-darkness.jpg?w=300\",\"keywords\":[\"Advent\"],\"articleSection\":[\"Bewegendes\",\"Spirituelles\"],\"inLanguage\":\"de\"},{\"@type\":\"WebPage\",\"@id\":\"http:\/\/omnia.alte-messe-bistum-speyer.de\/?p=3194\",\"url\":\"http:\/\/omnia.alte-messe-bistum-speyer.de\/?p=3194\",\"name\":\"Seid wachsam! - OmniBlog\",\"isPartOf\":{\"@id\":\"http:\/\/omnia.alte-messe-bistum-speyer.de\/#website\"},\"primaryImageOfPage\":{\"@id\":\"http:\/\/omnia.alte-messe-bistum-speyer.de\/?p=3194#primaryimage\"},\"image\":{\"@id\":\"http:\/\/omnia.alte-messe-bistum-speyer.de\/?p=3194#primaryimage\"},\"thumbnailUrl\":\"http:\/\/thereseborchardblogdotcom.files.wordpress.com\/2013\/08\/candle-in-the-darkness.jpg?w=300\",\"datePublished\":\"2017-12-02T20:42:03+00:00\",\"breadcrumb\":{\"@id\":\"http:\/\/omnia.alte-messe-bistum-speyer.de\/?p=3194#breadcrumb\"},\"inLanguage\":\"de\",\"potentialAction\":[{\"@type\":\"ReadAction\",\"target\":[\"http:\/\/omnia.alte-messe-bistum-speyer.de\/?p=3194\"]}]},{\"@type\":\"ImageObject\",\"inLanguage\":\"de\",\"@id\":\"http:\/\/omnia.alte-messe-bistum-speyer.de\/?p=3194#primaryimage\",\"url\":\"http:\/\/thereseborchardblogdotcom.files.wordpress.com\/2013\/08\/candle-in-the-darkness.jpg?w=300\",\"contentUrl\":\"http:\/\/thereseborchardblogdotcom.files.wordpress.com\/2013\/08\/candle-in-the-darkness.jpg?w=300\"},{\"@type\":\"BreadcrumbList\",\"@id\":\"http:\/\/omnia.alte-messe-bistum-speyer.de\/?p=3194#breadcrumb\",\"itemListElement\":[{\"@type\":\"ListItem\",\"position\":1,\"name\":\"Startseite\",\"item\":\"http:\/\/omnia.alte-messe-bistum-speyer.de\/\"},{\"@type\":\"ListItem\",\"position\":2,\"name\":\"Seid wachsam!\"}]},{\"@type\":\"WebSite\",\"@id\":\"http:\/\/omnia.alte-messe-bistum-speyer.de\/#website\",\"url\":\"http:\/\/omnia.alte-messe-bistum-speyer.de\/\",\"name\":\"OmniBlog\",\"description\":\"Katholischer Glaube - Christliche Werte\",\"publisher\":{\"@id\":\"http:\/\/omnia.alte-messe-bistum-speyer.de\/#organization\"},\"potentialAction\":[{\"@type\":\"SearchAction\",\"target\":{\"@type\":\"EntryPoint\",\"urlTemplate\":\"http:\/\/omnia.alte-messe-bistum-speyer.de\/?s={search_term_string}\"},\"query-input\":{\"@type\":\"PropertyValueSpecification\",\"valueRequired\":true,\"valueName\":\"search_term_string\"}}],\"inLanguage\":\"de\"},{\"@type\":\"Organization\",\"@id\":\"http:\/\/omnia.alte-messe-bistum-speyer.de\/#organization\",\"name\":\"Omniblog\",\"url\":\"http:\/\/omnia.alte-messe-bistum-speyer.de\/\",\"logo\":{\"@type\":\"ImageObject\",\"inLanguage\":\"de\",\"@id\":\"http:\/\/omnia.alte-messe-bistum-speyer.de\/#\/schema\/logo\/image\/\",\"url\":\"http:\/\/omnia.alte-messe-bistum-speyer.de\/wp-content\/uploads\/2020\/03\/HL.Messe_.png\",\"contentUrl\":\"http:\/\/omnia.alte-messe-bistum-speyer.de\/wp-content\/uploads\/2020\/03\/HL.Messe_.png\",\"width\":487,\"height\":666,\"caption\":\"Omniblog\"},\"image\":{\"@id\":\"http:\/\/omnia.alte-messe-bistum-speyer.de\/#\/schema\/logo\/image\/\"}},{\"@type\":\"Person\",\"@id\":\"http:\/\/omnia.alte-messe-bistum-speyer.de\/#\/schema\/person\/f541313e5005fba6ea4b73092e894370\",\"name\":\"michael\",\"image\":{\"@type\":\"ImageObject\",\"inLanguage\":\"de\",\"@id\":\"http:\/\/omnia.alte-messe-bistum-speyer.de\/#\/schema\/person\/image\/\",\"url\":\"https:\/\/secure.gravatar.com\/avatar\/628fc1e28cd3cb7f4bc24dc0226dff79d4105570d38e57124f0d8c38985f05aa?s=96&d=identicon&r=g\",\"contentUrl\":\"https:\/\/secure.gravatar.com\/avatar\/628fc1e28cd3cb7f4bc24dc0226dff79d4105570d38e57124f0d8c38985f05aa?s=96&d=identicon&r=g\",\"caption\":\"michael\"},\"sameAs\":[\"http:\/\/www.omnia-instaurare-in-christo.de\"],\"url\":\"http:\/\/omnia.alte-messe-bistum-speyer.de\/?author=2\"}]}<\/script>\n<!-- \/ Yoast SEO plugin. -->","yoast_head_json":{"title":"Seid wachsam! - OmniBlog","robots":{"index":"index","follow":"follow","max-snippet":"max-snippet:-1","max-image-preview":"max-image-preview:large","max-video-preview":"max-video-preview:-1"},"canonical":"http:\/\/omnia.alte-messe-bistum-speyer.de\/?p=3194","og_locale":"de_DE","og_type":"article","og_title":"Seid wachsam! - OmniBlog","og_description":"&#8222;Seid wachsam!&#8220; Erwartung &#8211; Ausschau halten, auch und mitten in der Bedr\u00e4ngnis Man k\u00f6nnte den Advent als die Jahresexerzitien der Christen bezeichnen. Exerzitien sind eine Ein\u00fcbungszeit, Ein\u00fcbung in die Sch\u00e4rfung der Sinne, die, trotz der \u00dcberflutung durch verfr\u00fchte Weihnachtsd\u00fcfte und Weihnachtskl\u00e4nge, ausgerichtet sind, um Ausschau halten zu lernen, um in Erwartung zu sein, damit Er &hellip; Seid wachsam! weiterlesen","og_url":"http:\/\/omnia.alte-messe-bistum-speyer.de\/?p=3194","og_site_name":"OmniBlog","article_published_time":"2017-12-02T20:42:03+00:00","og_image":[{"url":"http:\/\/thereseborchardblogdotcom.files.wordpress.com\/2013\/08\/candle-in-the-darkness.jpg?w=300","type":"","width":"","height":""}],"author":"michael","twitter_card":"summary_large_image","twitter_misc":{"Verfasst von":"michael","Gesch\u00e4tzte Lesezeit":"1\u00a0Minute"},"schema":{"@context":"https:\/\/schema.org","@graph":[{"@type":"Article","@id":"http:\/\/omnia.alte-messe-bistum-speyer.de\/?p=3194#article","isPartOf":{"@id":"http:\/\/omnia.alte-messe-bistum-speyer.de\/?p=3194"},"author":{"name":"michael","@id":"http:\/\/omnia.alte-messe-bistum-speyer.de\/#\/schema\/person\/f541313e5005fba6ea4b73092e894370"},"headline":"Seid wachsam!","datePublished":"2017-12-02T20:42:03+00:00","mainEntityOfPage":{"@id":"http:\/\/omnia.alte-messe-bistum-speyer.de\/?p=3194"},"wordCount":156,"publisher":{"@id":"http:\/\/omnia.alte-messe-bistum-speyer.de\/#organization"},"image":{"@id":"http:\/\/omnia.alte-messe-bistum-speyer.de\/?p=3194#primaryimage"},"thumbnailUrl":"http:\/\/thereseborchardblogdotcom.files.wordpress.com\/2013\/08\/candle-in-the-darkness.jpg?w=300","keywords":["Advent"],"articleSection":["Bewegendes","Spirituelles"],"inLanguage":"de"},{"@type":"WebPage","@id":"http:\/\/omnia.alte-messe-bistum-speyer.de\/?p=3194","url":"http:\/\/omnia.alte-messe-bistum-speyer.de\/?p=3194","name":"Seid wachsam! - OmniBlog","isPartOf":{"@id":"http:\/\/omnia.alte-messe-bistum-speyer.de\/#website"},"primaryImageOfPage":{"@id":"http:\/\/omnia.alte-messe-bistum-speyer.de\/?p=3194#primaryimage"},"image":{"@id":"http:\/\/omnia.alte-messe-bistum-speyer.de\/?p=3194#primaryimage"},"thumbnailUrl":"http:\/\/thereseborchardblogdotcom.files.wordpress.com\/2013\/08\/candle-in-the-darkness.jpg?w=300","datePublished":"2017-12-02T20:42:03+00:00","breadcrumb":{"@id":"http:\/\/omnia.alte-messe-bistum-speyer.de\/?p=3194#breadcrumb"},"inLanguage":"de","potentialAction":[{"@type":"ReadAction","target":["http:\/\/omnia.alte-messe-bistum-speyer.de\/?p=3194"]}]},{"@type":"ImageObject","inLanguage":"de","@id":"http:\/\/omnia.alte-messe-bistum-speyer.de\/?p=3194#primaryimage","url":"http:\/\/thereseborchardblogdotcom.files.wordpress.com\/2013\/08\/candle-in-the-darkness.jpg?w=300","contentUrl":"http:\/\/thereseborchardblogdotcom.files.wordpress.com\/2013\/08\/candle-in-the-darkness.jpg?w=300"},{"@type":"BreadcrumbList","@id":"http:\/\/omnia.alte-messe-bistum-speyer.de\/?p=3194#breadcrumb","itemListElement":[{"@type":"ListItem","position":1,"name":"Startseite","item":"http:\/\/omnia.alte-messe-bistum-speyer.de\/"},{"@type":"ListItem","position":2,"name":"Seid wachsam!"}]},{"@type":"WebSite","@id":"http:\/\/omnia.alte-messe-bistum-speyer.de\/#website","url":"http:\/\/omnia.alte-messe-bistum-speyer.de\/","name":"OmniBlog","description":"Katholischer Glaube - Christliche Werte","publisher":{"@id":"http:\/\/omnia.alte-messe-bistum-speyer.de\/#organization"},"potentialAction":[{"@type":"SearchAction","target":{"@type":"EntryPoint","urlTemplate":"http:\/\/omnia.alte-messe-bistum-speyer.de\/?s={search_term_string}"},"query-input":{"@type":"PropertyValueSpecification","valueRequired":true,"valueName":"search_term_string"}}],"inLanguage":"de"},{"@type":"Organization","@id":"http:\/\/omnia.alte-messe-bistum-speyer.de\/#organization","name":"Omniblog","url":"http:\/\/omnia.alte-messe-bistum-speyer.de\/","logo":{"@type":"ImageObject","inLanguage":"de","@id":"http:\/\/omnia.alte-messe-bistum-speyer.de\/#\/schema\/logo\/image\/","url":"http:\/\/omnia.alte-messe-bistum-speyer.de\/wp-content\/uploads\/2020\/03\/HL.Messe_.png","contentUrl":"http:\/\/omnia.alte-messe-bistum-speyer.de\/wp-content\/uploads\/2020\/03\/HL.Messe_.png","width":487,"height":666,"caption":"Omniblog"},"image":{"@id":"http:\/\/omnia.alte-messe-bistum-speyer.de\/#\/schema\/logo\/image\/"}},{"@type":"Person","@id":"http:\/\/omnia.alte-messe-bistum-speyer.de\/#\/schema\/person\/f541313e5005fba6ea4b73092e894370","name":"michael","image":{"@type":"ImageObject","inLanguage":"de","@id":"http:\/\/omnia.alte-messe-bistum-speyer.de\/#\/schema\/person\/image\/","url":"https:\/\/secure.gravatar.com\/avatar\/628fc1e28cd3cb7f4bc24dc0226dff79d4105570d38e57124f0d8c38985f05aa?s=96&d=identicon&r=g","contentUrl":"https:\/\/secure.gravatar.com\/avatar\/628fc1e28cd3cb7f4bc24dc0226dff79d4105570d38e57124f0d8c38985f05aa?s=96&d=identicon&r=g","caption":"michael"},"sameAs":["http:\/\/www.omnia-instaurare-in-christo.de"],"url":"http:\/\/omnia.alte-messe-bistum-speyer.de\/?author=2"}]}},"_links":{"self":[{"href":"http:\/\/omnia.alte-messe-bistum-speyer.de\/index.php?rest_route=\/wp\/v2\/posts\/3194","targetHints":{"allow":["GET"]}}],"collection":[{"href":"http:\/\/omnia.alte-messe-bistum-speyer.de\/index.php?rest_route=\/wp\/v2\/posts"}],"about":[{"href":"http:\/\/omnia.alte-messe-bistum-speyer.de\/index.php?rest_route=\/wp\/v2\/types\/post"}],"author":[{"embeddable":true,"href":"http:\/\/omnia.alte-messe-bistum-speyer.de\/index.php?rest_route=\/wp\/v2\/users\/2"}],"replies":[{"embeddable":true,"href":"http:\/\/omnia.alte-messe-bistum-speyer.de\/index.php?rest_route=%2Fwp%2Fv2%2Fcomments&post=3194"}],"version-history":[{"count":4,"href":"http:\/\/omnia.alte-messe-bistum-speyer.de\/index.php?rest_route=\/wp\/v2\/posts\/3194\/revisions"}],"predecessor-version":[{"id":3196,"href":"http:\/\/omnia.alte-messe-bistum-speyer.de\/index.php?rest_route=\/wp\/v2\/posts\/3194\/revisions\/3196"}],"wp:attachment":[{"href":"http:\/\/omnia.alte-messe-bistum-speyer.de\/index.php?rest_route=%2Fwp%2Fv2%2Fmedia&parent=3194"}],"wp:term":[{"taxonomy":"category","embeddable":true,"href":"http:\/\/omnia.alte-messe-bistum-speyer.de\/index.php?rest_route=%2Fwp%2Fv2%2Fcategories&post=3194"},{"taxonomy":"post_tag","embeddable":true,"href":"http:\/\/omnia.alte-messe-bistum-speyer.de\/index.php?rest_route=%2Fwp%2Fv2%2Ftags&post=3194"}],"curies":[{"name":"wp","href":"https:\/\/api.w.org\/{rel}","templated":true}]}}