{"id":3399,"date":"2018-05-05T22:29:05","date_gmt":"2018-05-05T20:29:05","guid":{"rendered":"http:\/\/omnia.alte-messe-bistum-speyer.de\/?p=3399"},"modified":"2018-08-07T18:41:29","modified_gmt":"2018-08-07T16:41:29","slug":"kann-gott-sichtbar-werden-in-der-welt","status":"publish","type":"post","link":"http:\/\/omnia.alte-messe-bistum-speyer.de\/?p=3399","title":{"rendered":"Kann Gott sichtbar werden in der Welt?"},"content":{"rendered":"<p>In den letzten Worten Jesu an seine J\u00fcnger, den sogenannten Abschiedsreden, ist alles enthalten, was das g\u00f6ttliche Geheimnis, die Beziehung der drei g\u00f6ttlichen Personen untereinander ausmacht. Und Jesus l\u00e4sst gleichzeitig aufleuchten, dass wir in diese Beziehung mit hineingenommen sind, wenn wir lieben.<br \/>\nDer kurze Teil dieses Ausschnitts schenkt den Schl\u00fcssel dazu, wie wir am g\u00f6ttlichen Leben teilhaben k\u00f6nnen. Der Weg zu Gott ist nach Jesu eigenem Wort eng an das Bewahren seines Wortes, das Halten der Gebote gekn\u00fcpft, weil sie der Weg zu mehr Liebe und Achtsamkeit sind. Darauf folgt sogleich die Zusage, dass der Vater kommen und Wohnung nehmen wird. Offenbarung hei\u00dft nichts anderes, als dass Gott sein g\u00f6ttliches Leben mitteilt und sich in Liebe verschenkt, an jeden, der sich der Liebe \u00f6ffnet, so dass der, in dem Gott wohnt, zu einer Offenbarung der Liebe Gottes wird.<\/p>\n<p><em>Text: Veronika<\/em><\/p>\n<p><a href=\"http:\/\/maria-linden.podcaster.de\/marialinden\/media\/Podcast_31_Liebe_als_Schlu__ssel_zu_Gott_21.5.17_mixdown.mp3\">Medien-Datei (audio\/mp3, 21.7 MB)<\/a><\/p>\n","protected":false},"excerpt":{"rendered":"<p>In den letzten Worten Jesu an seine J\u00fcnger, den sogenannten Abschiedsreden, ist alles enthalten, was das g\u00f6ttliche Geheimnis, die Beziehung der drei g\u00f6ttlichen Personen untereinander ausmacht. Und Jesus l\u00e4sst gleichzeitig aufleuchten, dass wir in diese Beziehung mit hineingenommen sind, wenn wir lieben. Der kurze Teil dieses Ausschnitts schenkt den Schl\u00fcssel dazu, wie wir am g\u00f6ttlichen &hellip; <a href=\"http:\/\/omnia.alte-messe-bistum-speyer.de\/?p=3399\" class=\"more-link\"><span class=\"screen-reader-text\">Kann Gott sichtbar werden in der Welt?<\/span> weiterlesen<\/a><\/p>\n","protected":false},"author":2,"featured_media":0,"comment_status":"closed","ping_status":"closed","sticky":false,"template":"","format":"standard","meta":{"footnotes":""},"categories":[3,6],"tags":[309,308],"class_list":["post-3399","post","type-post","status-publish","format-standard","hentry","category-bewegendes","category-spirituelles","tag-abschiedsreden-jesu","tag-dreifaltigkeit"],"yoast_head":"<!-- This site is optimized with the Yoast SEO plugin v25.8 - https:\/\/yoast.com\/wordpress\/plugins\/seo\/ -->\n<title>Kann Gott sichtbar werden in der Welt? - OmniBlog<\/title>\n<meta name=\"robots\" content=\"index, follow, max-snippet:-1, max-image-preview:large, max-video-preview:-1\" \/>\n<link rel=\"canonical\" href=\"http:\/\/omnia.alte-messe-bistum-speyer.de\/?p=3399\" \/>\n<meta property=\"og:locale\" content=\"de_DE\" \/>\n<meta property=\"og:type\" content=\"article\" \/>\n<meta property=\"og:title\" content=\"Kann Gott sichtbar werden in der Welt? - OmniBlog\" \/>\n<meta property=\"og:description\" content=\"In den letzten Worten Jesu an seine J\u00fcnger, den sogenannten Abschiedsreden, ist alles enthalten, was das g\u00f6ttliche Geheimnis, die Beziehung der drei g\u00f6ttlichen Personen untereinander ausmacht. Und Jesus l\u00e4sst gleichzeitig aufleuchten, dass wir in diese Beziehung mit hineingenommen sind, wenn wir lieben. Der kurze Teil dieses Ausschnitts schenkt den Schl\u00fcssel dazu, wie wir am g\u00f6ttlichen &hellip; Kann Gott sichtbar werden in der Welt? weiterlesen\" \/>\n<meta property=\"og:url\" content=\"http:\/\/omnia.alte-messe-bistum-speyer.de\/?p=3399\" \/>\n<meta property=\"og:site_name\" content=\"OmniBlog\" \/>\n<meta property=\"article:published_time\" content=\"2018-05-05T20:29:05+00:00\" \/>\n<meta property=\"article:modified_time\" content=\"2018-08-07T16:41:29+00:00\" \/>\n<meta name=\"author\" content=\"michael\" \/>\n<meta name=\"twitter:card\" content=\"summary_large_image\" \/>\n<meta name=\"twitter:label1\" content=\"Verfasst von\" \/>\n\t<meta name=\"twitter:data1\" content=\"michael\" \/>\n\t<meta name=\"twitter:label2\" content=\"Gesch\u00e4tzte Lesezeit\" \/>\n\t<meta name=\"twitter:data2\" content=\"1\u00a0Minute\" \/>\n<script type=\"application\/ld+json\" class=\"yoast-schema-graph\">{\"@context\":\"https:\/\/schema.org\",\"@graph\":[{\"@type\":\"Article\",\"@id\":\"http:\/\/omnia.alte-messe-bistum-speyer.de\/?p=3399#article\",\"isPartOf\":{\"@id\":\"http:\/\/omnia.alte-messe-bistum-speyer.de\/?p=3399\"},\"author\":{\"name\":\"michael\",\"@id\":\"http:\/\/omnia.alte-messe-bistum-speyer.de\/#\/schema\/person\/f541313e5005fba6ea4b73092e894370\"},\"headline\":\"Kann Gott sichtbar werden in der Welt?\",\"datePublished\":\"2018-05-05T20:29:05+00:00\",\"dateModified\":\"2018-08-07T16:41:29+00:00\",\"mainEntityOfPage\":{\"@id\":\"http:\/\/omnia.alte-messe-bistum-speyer.de\/?p=3399\"},\"wordCount\":161,\"publisher\":{\"@id\":\"http:\/\/omnia.alte-messe-bistum-speyer.de\/#organization\"},\"keywords\":[\"\\\"Abschiedsreden Jesu\\\"\",\"Dreifaltigkeit\"],\"articleSection\":[\"Bewegendes\",\"Spirituelles\"],\"inLanguage\":\"de\"},{\"@type\":\"WebPage\",\"@id\":\"http:\/\/omnia.alte-messe-bistum-speyer.de\/?p=3399\",\"url\":\"http:\/\/omnia.alte-messe-bistum-speyer.de\/?p=3399\",\"name\":\"Kann Gott sichtbar werden in der Welt? - OmniBlog\",\"isPartOf\":{\"@id\":\"http:\/\/omnia.alte-messe-bistum-speyer.de\/#website\"},\"datePublished\":\"2018-05-05T20:29:05+00:00\",\"dateModified\":\"2018-08-07T16:41:29+00:00\",\"breadcrumb\":{\"@id\":\"http:\/\/omnia.alte-messe-bistum-speyer.de\/?p=3399#breadcrumb\"},\"inLanguage\":\"de\",\"potentialAction\":[{\"@type\":\"ReadAction\",\"target\":[\"http:\/\/omnia.alte-messe-bistum-speyer.de\/?p=3399\"]}]},{\"@type\":\"BreadcrumbList\",\"@id\":\"http:\/\/omnia.alte-messe-bistum-speyer.de\/?p=3399#breadcrumb\",\"itemListElement\":[{\"@type\":\"ListItem\",\"position\":1,\"name\":\"Startseite\",\"item\":\"http:\/\/omnia.alte-messe-bistum-speyer.de\/\"},{\"@type\":\"ListItem\",\"position\":2,\"name\":\"Kann Gott sichtbar werden in der Welt?\"}]},{\"@type\":\"WebSite\",\"@id\":\"http:\/\/omnia.alte-messe-bistum-speyer.de\/#website\",\"url\":\"http:\/\/omnia.alte-messe-bistum-speyer.de\/\",\"name\":\"OmniBlog\",\"description\":\"Katholischer Glaube - Christliche Werte\",\"publisher\":{\"@id\":\"http:\/\/omnia.alte-messe-bistum-speyer.de\/#organization\"},\"potentialAction\":[{\"@type\":\"SearchAction\",\"target\":{\"@type\":\"EntryPoint\",\"urlTemplate\":\"http:\/\/omnia.alte-messe-bistum-speyer.de\/?s={search_term_string}\"},\"query-input\":{\"@type\":\"PropertyValueSpecification\",\"valueRequired\":true,\"valueName\":\"search_term_string\"}}],\"inLanguage\":\"de\"},{\"@type\":\"Organization\",\"@id\":\"http:\/\/omnia.alte-messe-bistum-speyer.de\/#organization\",\"name\":\"Omniblog\",\"url\":\"http:\/\/omnia.alte-messe-bistum-speyer.de\/\",\"logo\":{\"@type\":\"ImageObject\",\"inLanguage\":\"de\",\"@id\":\"http:\/\/omnia.alte-messe-bistum-speyer.de\/#\/schema\/logo\/image\/\",\"url\":\"http:\/\/omnia.alte-messe-bistum-speyer.de\/wp-content\/uploads\/2020\/03\/HL.Messe_.png\",\"contentUrl\":\"http:\/\/omnia.alte-messe-bistum-speyer.de\/wp-content\/uploads\/2020\/03\/HL.Messe_.png\",\"width\":487,\"height\":666,\"caption\":\"Omniblog\"},\"image\":{\"@id\":\"http:\/\/omnia.alte-messe-bistum-speyer.de\/#\/schema\/logo\/image\/\"}},{\"@type\":\"Person\",\"@id\":\"http:\/\/omnia.alte-messe-bistum-speyer.de\/#\/schema\/person\/f541313e5005fba6ea4b73092e894370\",\"name\":\"michael\",\"image\":{\"@type\":\"ImageObject\",\"inLanguage\":\"de\",\"@id\":\"http:\/\/omnia.alte-messe-bistum-speyer.de\/#\/schema\/person\/image\/\",\"url\":\"https:\/\/secure.gravatar.com\/avatar\/628fc1e28cd3cb7f4bc24dc0226dff79d4105570d38e57124f0d8c38985f05aa?s=96&d=identicon&r=g\",\"contentUrl\":\"https:\/\/secure.gravatar.com\/avatar\/628fc1e28cd3cb7f4bc24dc0226dff79d4105570d38e57124f0d8c38985f05aa?s=96&d=identicon&r=g\",\"caption\":\"michael\"},\"sameAs\":[\"http:\/\/www.omnia-instaurare-in-christo.de\"],\"url\":\"http:\/\/omnia.alte-messe-bistum-speyer.de\/?author=2\"}]}<\/script>\n<!-- \/ Yoast SEO plugin. -->","yoast_head_json":{"title":"Kann Gott sichtbar werden in der Welt? - OmniBlog","robots":{"index":"index","follow":"follow","max-snippet":"max-snippet:-1","max-image-preview":"max-image-preview:large","max-video-preview":"max-video-preview:-1"},"canonical":"http:\/\/omnia.alte-messe-bistum-speyer.de\/?p=3399","og_locale":"de_DE","og_type":"article","og_title":"Kann Gott sichtbar werden in der Welt? - OmniBlog","og_description":"In den letzten Worten Jesu an seine J\u00fcnger, den sogenannten Abschiedsreden, ist alles enthalten, was das g\u00f6ttliche Geheimnis, die Beziehung der drei g\u00f6ttlichen Personen untereinander ausmacht. Und Jesus l\u00e4sst gleichzeitig aufleuchten, dass wir in diese Beziehung mit hineingenommen sind, wenn wir lieben. Der kurze Teil dieses Ausschnitts schenkt den Schl\u00fcssel dazu, wie wir am g\u00f6ttlichen &hellip; Kann Gott sichtbar werden in der Welt? weiterlesen","og_url":"http:\/\/omnia.alte-messe-bistum-speyer.de\/?p=3399","og_site_name":"OmniBlog","article_published_time":"2018-05-05T20:29:05+00:00","article_modified_time":"2018-08-07T16:41:29+00:00","author":"michael","twitter_card":"summary_large_image","twitter_misc":{"Verfasst von":"michael","Gesch\u00e4tzte Lesezeit":"1\u00a0Minute"},"schema":{"@context":"https:\/\/schema.org","@graph":[{"@type":"Article","@id":"http:\/\/omnia.alte-messe-bistum-speyer.de\/?p=3399#article","isPartOf":{"@id":"http:\/\/omnia.alte-messe-bistum-speyer.de\/?p=3399"},"author":{"name":"michael","@id":"http:\/\/omnia.alte-messe-bistum-speyer.de\/#\/schema\/person\/f541313e5005fba6ea4b73092e894370"},"headline":"Kann Gott sichtbar werden in der Welt?","datePublished":"2018-05-05T20:29:05+00:00","dateModified":"2018-08-07T16:41:29+00:00","mainEntityOfPage":{"@id":"http:\/\/omnia.alte-messe-bistum-speyer.de\/?p=3399"},"wordCount":161,"publisher":{"@id":"http:\/\/omnia.alte-messe-bistum-speyer.de\/#organization"},"keywords":["\"Abschiedsreden Jesu\"","Dreifaltigkeit"],"articleSection":["Bewegendes","Spirituelles"],"inLanguage":"de"},{"@type":"WebPage","@id":"http:\/\/omnia.alte-messe-bistum-speyer.de\/?p=3399","url":"http:\/\/omnia.alte-messe-bistum-speyer.de\/?p=3399","name":"Kann Gott sichtbar werden in der Welt? - OmniBlog","isPartOf":{"@id":"http:\/\/omnia.alte-messe-bistum-speyer.de\/#website"},"datePublished":"2018-05-05T20:29:05+00:00","dateModified":"2018-08-07T16:41:29+00:00","breadcrumb":{"@id":"http:\/\/omnia.alte-messe-bistum-speyer.de\/?p=3399#breadcrumb"},"inLanguage":"de","potentialAction":[{"@type":"ReadAction","target":["http:\/\/omnia.alte-messe-bistum-speyer.de\/?p=3399"]}]},{"@type":"BreadcrumbList","@id":"http:\/\/omnia.alte-messe-bistum-speyer.de\/?p=3399#breadcrumb","itemListElement":[{"@type":"ListItem","position":1,"name":"Startseite","item":"http:\/\/omnia.alte-messe-bistum-speyer.de\/"},{"@type":"ListItem","position":2,"name":"Kann Gott sichtbar werden in der Welt?"}]},{"@type":"WebSite","@id":"http:\/\/omnia.alte-messe-bistum-speyer.de\/#website","url":"http:\/\/omnia.alte-messe-bistum-speyer.de\/","name":"OmniBlog","description":"Katholischer Glaube - Christliche Werte","publisher":{"@id":"http:\/\/omnia.alte-messe-bistum-speyer.de\/#organization"},"potentialAction":[{"@type":"SearchAction","target":{"@type":"EntryPoint","urlTemplate":"http:\/\/omnia.alte-messe-bistum-speyer.de\/?s={search_term_string}"},"query-input":{"@type":"PropertyValueSpecification","valueRequired":true,"valueName":"search_term_string"}}],"inLanguage":"de"},{"@type":"Organization","@id":"http:\/\/omnia.alte-messe-bistum-speyer.de\/#organization","name":"Omniblog","url":"http:\/\/omnia.alte-messe-bistum-speyer.de\/","logo":{"@type":"ImageObject","inLanguage":"de","@id":"http:\/\/omnia.alte-messe-bistum-speyer.de\/#\/schema\/logo\/image\/","url":"http:\/\/omnia.alte-messe-bistum-speyer.de\/wp-content\/uploads\/2020\/03\/HL.Messe_.png","contentUrl":"http:\/\/omnia.alte-messe-bistum-speyer.de\/wp-content\/uploads\/2020\/03\/HL.Messe_.png","width":487,"height":666,"caption":"Omniblog"},"image":{"@id":"http:\/\/omnia.alte-messe-bistum-speyer.de\/#\/schema\/logo\/image\/"}},{"@type":"Person","@id":"http:\/\/omnia.alte-messe-bistum-speyer.de\/#\/schema\/person\/f541313e5005fba6ea4b73092e894370","name":"michael","image":{"@type":"ImageObject","inLanguage":"de","@id":"http:\/\/omnia.alte-messe-bistum-speyer.de\/#\/schema\/person\/image\/","url":"https:\/\/secure.gravatar.com\/avatar\/628fc1e28cd3cb7f4bc24dc0226dff79d4105570d38e57124f0d8c38985f05aa?s=96&d=identicon&r=g","contentUrl":"https:\/\/secure.gravatar.com\/avatar\/628fc1e28cd3cb7f4bc24dc0226dff79d4105570d38e57124f0d8c38985f05aa?s=96&d=identicon&r=g","caption":"michael"},"sameAs":["http:\/\/www.omnia-instaurare-in-christo.de"],"url":"http:\/\/omnia.alte-messe-bistum-speyer.de\/?author=2"}]}},"_links":{"self":[{"href":"http:\/\/omnia.alte-messe-bistum-speyer.de\/index.php?rest_route=\/wp\/v2\/posts\/3399","targetHints":{"allow":["GET"]}}],"collection":[{"href":"http:\/\/omnia.alte-messe-bistum-speyer.de\/index.php?rest_route=\/wp\/v2\/posts"}],"about":[{"href":"http:\/\/omnia.alte-messe-bistum-speyer.de\/index.php?rest_route=\/wp\/v2\/types\/post"}],"author":[{"embeddable":true,"href":"http:\/\/omnia.alte-messe-bistum-speyer.de\/index.php?rest_route=\/wp\/v2\/users\/2"}],"replies":[{"embeddable":true,"href":"http:\/\/omnia.alte-messe-bistum-speyer.de\/index.php?rest_route=%2Fwp%2Fv2%2Fcomments&post=3399"}],"version-history":[{"count":5,"href":"http:\/\/omnia.alte-messe-bistum-speyer.de\/index.php?rest_route=\/wp\/v2\/posts\/3399\/revisions"}],"predecessor-version":[{"id":3484,"href":"http:\/\/omnia.alte-messe-bistum-speyer.de\/index.php?rest_route=\/wp\/v2\/posts\/3399\/revisions\/3484"}],"wp:attachment":[{"href":"http:\/\/omnia.alte-messe-bistum-speyer.de\/index.php?rest_route=%2Fwp%2Fv2%2Fmedia&parent=3399"}],"wp:term":[{"taxonomy":"category","embeddable":true,"href":"http:\/\/omnia.alte-messe-bistum-speyer.de\/index.php?rest_route=%2Fwp%2Fv2%2Fcategories&post=3399"},{"taxonomy":"post_tag","embeddable":true,"href":"http:\/\/omnia.alte-messe-bistum-speyer.de\/index.php?rest_route=%2Fwp%2Fv2%2Ftags&post=3399"}],"curies":[{"name":"wp","href":"https:\/\/api.w.org\/{rel}","templated":true}]}}