{"id":3543,"date":"2018-12-07T22:26:53","date_gmt":"2018-12-07T20:26:53","guid":{"rendered":"http:\/\/omnia.alte-messe-bistum-speyer.de\/?p=3543"},"modified":"2018-12-05T10:33:05","modified_gmt":"2018-12-05T08:33:05","slug":"dass-wir-fuer-eine-andere-welt-erschaffen-sind","status":"publish","type":"post","link":"http:\/\/omnia.alte-messe-bistum-speyer.de\/?p=3543","title":{"rendered":"&#8230;dass wir f\u00fcr eine andere Welt erschaffen sind"},"content":{"rendered":"<p><img loading=\"lazy\" decoding=\"async\" class=\"alignnone size-full\" src=\"https:\/\/vignette.wikia.nocookie.net\/lotr\/images\/6\/6e\/C.S._Lewis.jpg\/revision\/latest\/scale-to-width-down\/180?cb=20130619161536\" alt=\"C.S.Lewis\" width=\"180\" height=\"212\" \/><\/p>\n<blockquote><p>&#8222;Wenn wir in uns selbst ein Bed\u00fcrfnis entdecken, das durch nichts in dieser Welt gestillt werden kann, dann k\u00f6nnen wir daraus schlie\u00dfen, dass wir f\u00fcr eine andere Welt erschaffen sind.&#8220;<\/p><\/blockquote>\n<p><em>C.S. Lewis<\/em><\/p>\n","protected":false},"excerpt":{"rendered":"<p>&#8222;Wenn wir in uns selbst ein Bed\u00fcrfnis entdecken, das durch nichts in dieser Welt gestillt werden kann, dann k\u00f6nnen wir daraus schlie\u00dfen, dass wir f\u00fcr eine andere Welt erschaffen sind.&#8220; C.S. Lewis<\/p>\n","protected":false},"author":2,"featured_media":0,"comment_status":"closed","ping_status":"closed","sticky":false,"template":"","format":"standard","meta":{"footnotes":""},"categories":[8],"tags":[98],"class_list":["post-3543","post","type-post","status-publish","format-standard","hentry","category-zitate","tag-lewis"],"yoast_head":"<!-- This site is optimized with the Yoast SEO plugin v25.8 - https:\/\/yoast.com\/wordpress\/plugins\/seo\/ -->\n<title>...dass wir f\u00fcr eine andere Welt erschaffen sind - OmniBlog<\/title>\n<meta name=\"robots\" content=\"index, follow, max-snippet:-1, max-image-preview:large, max-video-preview:-1\" \/>\n<link rel=\"canonical\" href=\"http:\/\/omnia.alte-messe-bistum-speyer.de\/?p=3543\" \/>\n<meta property=\"og:locale\" content=\"de_DE\" \/>\n<meta property=\"og:type\" content=\"article\" \/>\n<meta property=\"og:title\" content=\"...dass wir f\u00fcr eine andere Welt erschaffen sind - OmniBlog\" \/>\n<meta property=\"og:description\" content=\"&#8222;Wenn wir in uns selbst ein Bed\u00fcrfnis entdecken, das durch nichts in dieser Welt gestillt werden kann, dann k\u00f6nnen wir daraus schlie\u00dfen, dass wir f\u00fcr eine andere Welt erschaffen sind.&#8220; C.S. Lewis\" \/>\n<meta property=\"og:url\" content=\"http:\/\/omnia.alte-messe-bistum-speyer.de\/?p=3543\" \/>\n<meta property=\"og:site_name\" content=\"OmniBlog\" \/>\n<meta property=\"article:published_time\" content=\"2018-12-07T20:26:53+00:00\" \/>\n<meta property=\"og:image\" content=\"https:\/\/vignette.wikia.nocookie.net\/lotr\/images\/6\/6e\/C.S._Lewis.jpg\/revision\/latest\/scale-to-width-down\/180?cb=20130619161536\" \/>\n<meta name=\"author\" content=\"michael\" \/>\n<meta name=\"twitter:card\" content=\"summary_large_image\" \/>\n<meta name=\"twitter:label1\" content=\"Verfasst von\" \/>\n\t<meta name=\"twitter:data1\" content=\"michael\" \/>\n<script type=\"application\/ld+json\" class=\"yoast-schema-graph\">{\"@context\":\"https:\/\/schema.org\",\"@graph\":[{\"@type\":\"Article\",\"@id\":\"http:\/\/omnia.alte-messe-bistum-speyer.de\/?p=3543#article\",\"isPartOf\":{\"@id\":\"http:\/\/omnia.alte-messe-bistum-speyer.de\/?p=3543\"},\"author\":{\"name\":\"michael\",\"@id\":\"http:\/\/omnia.alte-messe-bistum-speyer.de\/#\/schema\/person\/f541313e5005fba6ea4b73092e894370\"},\"headline\":\"&#8230;dass wir f\u00fcr eine andere Welt erschaffen sind\",\"datePublished\":\"2018-12-07T20:26:53+00:00\",\"mainEntityOfPage\":{\"@id\":\"http:\/\/omnia.alte-messe-bistum-speyer.de\/?p=3543\"},\"wordCount\":46,\"publisher\":{\"@id\":\"http:\/\/omnia.alte-messe-bistum-speyer.de\/#organization\"},\"image\":{\"@id\":\"http:\/\/omnia.alte-messe-bistum-speyer.de\/?p=3543#primaryimage\"},\"thumbnailUrl\":\"https:\/\/vignette.wikia.nocookie.net\/lotr\/images\/6\/6e\/C.S._Lewis.jpg\/revision\/latest\/scale-to-width-down\/180?cb=20130619161536\",\"keywords\":[\"Lewis\"],\"articleSection\":[\"Zitate\"],\"inLanguage\":\"de\"},{\"@type\":\"WebPage\",\"@id\":\"http:\/\/omnia.alte-messe-bistum-speyer.de\/?p=3543\",\"url\":\"http:\/\/omnia.alte-messe-bistum-speyer.de\/?p=3543\",\"name\":\"...dass wir f\u00fcr eine andere Welt erschaffen sind - OmniBlog\",\"isPartOf\":{\"@id\":\"http:\/\/omnia.alte-messe-bistum-speyer.de\/#website\"},\"primaryImageOfPage\":{\"@id\":\"http:\/\/omnia.alte-messe-bistum-speyer.de\/?p=3543#primaryimage\"},\"image\":{\"@id\":\"http:\/\/omnia.alte-messe-bistum-speyer.de\/?p=3543#primaryimage\"},\"thumbnailUrl\":\"https:\/\/vignette.wikia.nocookie.net\/lotr\/images\/6\/6e\/C.S._Lewis.jpg\/revision\/latest\/scale-to-width-down\/180?cb=20130619161536\",\"datePublished\":\"2018-12-07T20:26:53+00:00\",\"breadcrumb\":{\"@id\":\"http:\/\/omnia.alte-messe-bistum-speyer.de\/?p=3543#breadcrumb\"},\"inLanguage\":\"de\",\"potentialAction\":[{\"@type\":\"ReadAction\",\"target\":[\"http:\/\/omnia.alte-messe-bistum-speyer.de\/?p=3543\"]}]},{\"@type\":\"ImageObject\",\"inLanguage\":\"de\",\"@id\":\"http:\/\/omnia.alte-messe-bistum-speyer.de\/?p=3543#primaryimage\",\"url\":\"https:\/\/vignette.wikia.nocookie.net\/lotr\/images\/6\/6e\/C.S._Lewis.jpg\/revision\/latest\/scale-to-width-down\/180?cb=20130619161536\",\"contentUrl\":\"https:\/\/vignette.wikia.nocookie.net\/lotr\/images\/6\/6e\/C.S._Lewis.jpg\/revision\/latest\/scale-to-width-down\/180?cb=20130619161536\"},{\"@type\":\"BreadcrumbList\",\"@id\":\"http:\/\/omnia.alte-messe-bistum-speyer.de\/?p=3543#breadcrumb\",\"itemListElement\":[{\"@type\":\"ListItem\",\"position\":1,\"name\":\"Startseite\",\"item\":\"http:\/\/omnia.alte-messe-bistum-speyer.de\/\"},{\"@type\":\"ListItem\",\"position\":2,\"name\":\"&#8230;dass wir f\u00fcr eine andere Welt erschaffen sind\"}]},{\"@type\":\"WebSite\",\"@id\":\"http:\/\/omnia.alte-messe-bistum-speyer.de\/#website\",\"url\":\"http:\/\/omnia.alte-messe-bistum-speyer.de\/\",\"name\":\"OmniBlog\",\"description\":\"Katholischer Glaube - Christliche Werte\",\"publisher\":{\"@id\":\"http:\/\/omnia.alte-messe-bistum-speyer.de\/#organization\"},\"potentialAction\":[{\"@type\":\"SearchAction\",\"target\":{\"@type\":\"EntryPoint\",\"urlTemplate\":\"http:\/\/omnia.alte-messe-bistum-speyer.de\/?s={search_term_string}\"},\"query-input\":{\"@type\":\"PropertyValueSpecification\",\"valueRequired\":true,\"valueName\":\"search_term_string\"}}],\"inLanguage\":\"de\"},{\"@type\":\"Organization\",\"@id\":\"http:\/\/omnia.alte-messe-bistum-speyer.de\/#organization\",\"name\":\"Omniblog\",\"url\":\"http:\/\/omnia.alte-messe-bistum-speyer.de\/\",\"logo\":{\"@type\":\"ImageObject\",\"inLanguage\":\"de\",\"@id\":\"http:\/\/omnia.alte-messe-bistum-speyer.de\/#\/schema\/logo\/image\/\",\"url\":\"http:\/\/omnia.alte-messe-bistum-speyer.de\/wp-content\/uploads\/2020\/03\/HL.Messe_.png\",\"contentUrl\":\"http:\/\/omnia.alte-messe-bistum-speyer.de\/wp-content\/uploads\/2020\/03\/HL.Messe_.png\",\"width\":487,\"height\":666,\"caption\":\"Omniblog\"},\"image\":{\"@id\":\"http:\/\/omnia.alte-messe-bistum-speyer.de\/#\/schema\/logo\/image\/\"}},{\"@type\":\"Person\",\"@id\":\"http:\/\/omnia.alte-messe-bistum-speyer.de\/#\/schema\/person\/f541313e5005fba6ea4b73092e894370\",\"name\":\"michael\",\"image\":{\"@type\":\"ImageObject\",\"inLanguage\":\"de\",\"@id\":\"http:\/\/omnia.alte-messe-bistum-speyer.de\/#\/schema\/person\/image\/\",\"url\":\"https:\/\/secure.gravatar.com\/avatar\/628fc1e28cd3cb7f4bc24dc0226dff79d4105570d38e57124f0d8c38985f05aa?s=96&d=identicon&r=g\",\"contentUrl\":\"https:\/\/secure.gravatar.com\/avatar\/628fc1e28cd3cb7f4bc24dc0226dff79d4105570d38e57124f0d8c38985f05aa?s=96&d=identicon&r=g\",\"caption\":\"michael\"},\"sameAs\":[\"http:\/\/www.omnia-instaurare-in-christo.de\"],\"url\":\"http:\/\/omnia.alte-messe-bistum-speyer.de\/?author=2\"}]}<\/script>\n<!-- \/ Yoast SEO plugin. -->","yoast_head_json":{"title":"...dass wir f\u00fcr eine andere Welt erschaffen sind - OmniBlog","robots":{"index":"index","follow":"follow","max-snippet":"max-snippet:-1","max-image-preview":"max-image-preview:large","max-video-preview":"max-video-preview:-1"},"canonical":"http:\/\/omnia.alte-messe-bistum-speyer.de\/?p=3543","og_locale":"de_DE","og_type":"article","og_title":"...dass wir f\u00fcr eine andere Welt erschaffen sind - OmniBlog","og_description":"&#8222;Wenn wir in uns selbst ein Bed\u00fcrfnis entdecken, das durch nichts in dieser Welt gestillt werden kann, dann k\u00f6nnen wir daraus schlie\u00dfen, dass wir f\u00fcr eine andere Welt erschaffen sind.&#8220; C.S. Lewis","og_url":"http:\/\/omnia.alte-messe-bistum-speyer.de\/?p=3543","og_site_name":"OmniBlog","article_published_time":"2018-12-07T20:26:53+00:00","og_image":[{"url":"https:\/\/vignette.wikia.nocookie.net\/lotr\/images\/6\/6e\/C.S._Lewis.jpg\/revision\/latest\/scale-to-width-down\/180?cb=20130619161536","type":"","width":"","height":""}],"author":"michael","twitter_card":"summary_large_image","twitter_misc":{"Verfasst von":"michael"},"schema":{"@context":"https:\/\/schema.org","@graph":[{"@type":"Article","@id":"http:\/\/omnia.alte-messe-bistum-speyer.de\/?p=3543#article","isPartOf":{"@id":"http:\/\/omnia.alte-messe-bistum-speyer.de\/?p=3543"},"author":{"name":"michael","@id":"http:\/\/omnia.alte-messe-bistum-speyer.de\/#\/schema\/person\/f541313e5005fba6ea4b73092e894370"},"headline":"&#8230;dass wir f\u00fcr eine andere Welt erschaffen sind","datePublished":"2018-12-07T20:26:53+00:00","mainEntityOfPage":{"@id":"http:\/\/omnia.alte-messe-bistum-speyer.de\/?p=3543"},"wordCount":46,"publisher":{"@id":"http:\/\/omnia.alte-messe-bistum-speyer.de\/#organization"},"image":{"@id":"http:\/\/omnia.alte-messe-bistum-speyer.de\/?p=3543#primaryimage"},"thumbnailUrl":"https:\/\/vignette.wikia.nocookie.net\/lotr\/images\/6\/6e\/C.S._Lewis.jpg\/revision\/latest\/scale-to-width-down\/180?cb=20130619161536","keywords":["Lewis"],"articleSection":["Zitate"],"inLanguage":"de"},{"@type":"WebPage","@id":"http:\/\/omnia.alte-messe-bistum-speyer.de\/?p=3543","url":"http:\/\/omnia.alte-messe-bistum-speyer.de\/?p=3543","name":"...dass wir f\u00fcr eine andere Welt erschaffen sind - OmniBlog","isPartOf":{"@id":"http:\/\/omnia.alte-messe-bistum-speyer.de\/#website"},"primaryImageOfPage":{"@id":"http:\/\/omnia.alte-messe-bistum-speyer.de\/?p=3543#primaryimage"},"image":{"@id":"http:\/\/omnia.alte-messe-bistum-speyer.de\/?p=3543#primaryimage"},"thumbnailUrl":"https:\/\/vignette.wikia.nocookie.net\/lotr\/images\/6\/6e\/C.S._Lewis.jpg\/revision\/latest\/scale-to-width-down\/180?cb=20130619161536","datePublished":"2018-12-07T20:26:53+00:00","breadcrumb":{"@id":"http:\/\/omnia.alte-messe-bistum-speyer.de\/?p=3543#breadcrumb"},"inLanguage":"de","potentialAction":[{"@type":"ReadAction","target":["http:\/\/omnia.alte-messe-bistum-speyer.de\/?p=3543"]}]},{"@type":"ImageObject","inLanguage":"de","@id":"http:\/\/omnia.alte-messe-bistum-speyer.de\/?p=3543#primaryimage","url":"https:\/\/vignette.wikia.nocookie.net\/lotr\/images\/6\/6e\/C.S._Lewis.jpg\/revision\/latest\/scale-to-width-down\/180?cb=20130619161536","contentUrl":"https:\/\/vignette.wikia.nocookie.net\/lotr\/images\/6\/6e\/C.S._Lewis.jpg\/revision\/latest\/scale-to-width-down\/180?cb=20130619161536"},{"@type":"BreadcrumbList","@id":"http:\/\/omnia.alte-messe-bistum-speyer.de\/?p=3543#breadcrumb","itemListElement":[{"@type":"ListItem","position":1,"name":"Startseite","item":"http:\/\/omnia.alte-messe-bistum-speyer.de\/"},{"@type":"ListItem","position":2,"name":"&#8230;dass wir f\u00fcr eine andere Welt erschaffen sind"}]},{"@type":"WebSite","@id":"http:\/\/omnia.alte-messe-bistum-speyer.de\/#website","url":"http:\/\/omnia.alte-messe-bistum-speyer.de\/","name":"OmniBlog","description":"Katholischer Glaube - Christliche Werte","publisher":{"@id":"http:\/\/omnia.alte-messe-bistum-speyer.de\/#organization"},"potentialAction":[{"@type":"SearchAction","target":{"@type":"EntryPoint","urlTemplate":"http:\/\/omnia.alte-messe-bistum-speyer.de\/?s={search_term_string}"},"query-input":{"@type":"PropertyValueSpecification","valueRequired":true,"valueName":"search_term_string"}}],"inLanguage":"de"},{"@type":"Organization","@id":"http:\/\/omnia.alte-messe-bistum-speyer.de\/#organization","name":"Omniblog","url":"http:\/\/omnia.alte-messe-bistum-speyer.de\/","logo":{"@type":"ImageObject","inLanguage":"de","@id":"http:\/\/omnia.alte-messe-bistum-speyer.de\/#\/schema\/logo\/image\/","url":"http:\/\/omnia.alte-messe-bistum-speyer.de\/wp-content\/uploads\/2020\/03\/HL.Messe_.png","contentUrl":"http:\/\/omnia.alte-messe-bistum-speyer.de\/wp-content\/uploads\/2020\/03\/HL.Messe_.png","width":487,"height":666,"caption":"Omniblog"},"image":{"@id":"http:\/\/omnia.alte-messe-bistum-speyer.de\/#\/schema\/logo\/image\/"}},{"@type":"Person","@id":"http:\/\/omnia.alte-messe-bistum-speyer.de\/#\/schema\/person\/f541313e5005fba6ea4b73092e894370","name":"michael","image":{"@type":"ImageObject","inLanguage":"de","@id":"http:\/\/omnia.alte-messe-bistum-speyer.de\/#\/schema\/person\/image\/","url":"https:\/\/secure.gravatar.com\/avatar\/628fc1e28cd3cb7f4bc24dc0226dff79d4105570d38e57124f0d8c38985f05aa?s=96&d=identicon&r=g","contentUrl":"https:\/\/secure.gravatar.com\/avatar\/628fc1e28cd3cb7f4bc24dc0226dff79d4105570d38e57124f0d8c38985f05aa?s=96&d=identicon&r=g","caption":"michael"},"sameAs":["http:\/\/www.omnia-instaurare-in-christo.de"],"url":"http:\/\/omnia.alte-messe-bistum-speyer.de\/?author=2"}]}},"_links":{"self":[{"href":"http:\/\/omnia.alte-messe-bistum-speyer.de\/index.php?rest_route=\/wp\/v2\/posts\/3543","targetHints":{"allow":["GET"]}}],"collection":[{"href":"http:\/\/omnia.alte-messe-bistum-speyer.de\/index.php?rest_route=\/wp\/v2\/posts"}],"about":[{"href":"http:\/\/omnia.alte-messe-bistum-speyer.de\/index.php?rest_route=\/wp\/v2\/types\/post"}],"author":[{"embeddable":true,"href":"http:\/\/omnia.alte-messe-bistum-speyer.de\/index.php?rest_route=\/wp\/v2\/users\/2"}],"replies":[{"embeddable":true,"href":"http:\/\/omnia.alte-messe-bistum-speyer.de\/index.php?rest_route=%2Fwp%2Fv2%2Fcomments&post=3543"}],"version-history":[{"count":3,"href":"http:\/\/omnia.alte-messe-bistum-speyer.de\/index.php?rest_route=\/wp\/v2\/posts\/3543\/revisions"}],"predecessor-version":[{"id":3548,"href":"http:\/\/omnia.alte-messe-bistum-speyer.de\/index.php?rest_route=\/wp\/v2\/posts\/3543\/revisions\/3548"}],"wp:attachment":[{"href":"http:\/\/omnia.alte-messe-bistum-speyer.de\/index.php?rest_route=%2Fwp%2Fv2%2Fmedia&parent=3543"}],"wp:term":[{"taxonomy":"category","embeddable":true,"href":"http:\/\/omnia.alte-messe-bistum-speyer.de\/index.php?rest_route=%2Fwp%2Fv2%2Fcategories&post=3543"},{"taxonomy":"post_tag","embeddable":true,"href":"http:\/\/omnia.alte-messe-bistum-speyer.de\/index.php?rest_route=%2Fwp%2Fv2%2Ftags&post=3543"}],"curies":[{"name":"wp","href":"https:\/\/api.w.org\/{rel}","templated":true}]}}