{"id":3608,"date":"2019-04-14T23:06:48","date_gmt":"2019-04-14T21:06:48","guid":{"rendered":"http:\/\/omnia.alte-messe-bistum-speyer.de\/?p=3608"},"modified":"2021-02-03T22:21:04","modified_gmt":"2021-02-03T20:21:04","slug":"die-zwei-haltungen","status":"publish","type":"post","link":"http:\/\/omnia.alte-messe-bistum-speyer.de\/?p=3608","title":{"rendered":"Die zwei Haltungen"},"content":{"rendered":"<p><a href=\"http:\/\/omnia.alte-messe-bistum-speyer.de\/wp-content\/uploads\/2019\/04\/crucifixion.group_.png\"><img loading=\"lazy\" decoding=\"async\" class=\"alignleft size-medium wp-image-4002\" src=\"http:\/\/omnia.alte-messe-bistum-speyer.de\/wp-content\/uploads\/2019\/04\/crucifixion.group_-300x218.png\" alt=\"Kreuzigungsgruppe\" width=\"300\" height=\"218\" srcset=\"http:\/\/omnia.alte-messe-bistum-speyer.de\/wp-content\/uploads\/2019\/04\/crucifixion.group_-300x218.png 300w, http:\/\/omnia.alte-messe-bistum-speyer.de\/wp-content\/uploads\/2019\/04\/crucifixion.group_-768x557.png 768w, http:\/\/omnia.alte-messe-bistum-speyer.de\/wp-content\/uploads\/2019\/04\/crucifixion.group_-200x145.png 200w, http:\/\/omnia.alte-messe-bistum-speyer.de\/wp-content\/uploads\/2019\/04\/crucifixion.group_.png 799w\" sizes=\"auto, (max-width: 300px) 100vw, 300px\" \/><\/a><\/p>\n<p>Nach der katholischen \u00dcberlieferung hei\u00dfen die beiden Verbrecher, die mit Jesus gekreuzigt wurden Dismas und Gestas. Dismas ist der rechte Sch\u00e4cher, der sich am Kreuz zu Jesus bekannte und Gestas war der unbussfertige Sch\u00e4cher.<\/p>\n<p>An den Aussagen beider wird jeweils eine andere (Grund-) Haltung offenbar. In Lukas 23 lesen wir:<\/p>\n<blockquote><p>&#8222;Einer von den aufgeh\u00e4ngten Verbrechern l\u00e4sterte ihn und sagte: &#8222;Bist du nicht der Messias? Hilf dir selbst und uns!&#8220;<\/p><\/blockquote>\n<p>Das hei\u00dft soviel wie &#8222;Zuerst beweise mir, Jesus, dass Du Gottes Sohn bist und nimm alle Leiden (oder Kreuze) von mir, dazu gib mir alles, was ich f\u00fcr mein Leben brauche, wenn du allm\u00e4chtig bist, dann will auch ich dir dienen, (vielleicht).&#8220;<\/p>\n<p>Sind auch wir nicht oft versucht in einer \u00e4hnlichen Weise zu beten, indem das Bittgebet einen zu hohen Stellenwert in unserem Gespr\u00e4ch mit Gott eingenommen hat? Oder sind wir vielleicht in einer verzweifelten Situation, in der wir jede Kontrolle verloren haben und nicht wissen, wie es weiter gehen soll. Es ist gerade zu nat\u00fcrlich, dann zu Gott um Rettung aus dieser Situation zu schreien. Und oft ist Gott ist auch barmherzig mit uns und erh\u00f6rt unser Gebet.<\/p>\n<p>Was aber ist mit Dismas, dem rechten Sch\u00e4cher. Wir lesen bei Lukas weiter:<\/p>\n<blockquote><p>Der andere aber wies ihn zurecht und sagte: &#8222;Hast nicht einmal du Furcht vor Gott, der du das gleiche Gericht erleidest? 41 Wir leiden mit Recht, denn wir empfangen, was unsere Taten verdienen; dieser aber hat nichts Unrechtes getan.&#8220; 42 Und er sprach: &#8222;Jesus, gedenke meiner, wenn du kommst in dein Reich!&#8220;<\/p><\/blockquote>\n<p>Dismas hat die Gerechtigkeit seines Leidens erkannt. Das Leiden kommt aufgrund unserer selbstverschuldeten Trennung von Gott (= S\u00fcnde) auf uns. Weiterhin erkennt er in Jesus, dessen anders sein, dass Jesus unschuldig leidet. Man kann vermuten, dass aus dieser Erkenntnis heraus er mit Hilfe des heiligen Geistes spricht: &#8222;Jesus, gedenke meiner, wenn du in dein Reich kommst!&#8220;<\/p>\n<p>Ich glaube, dass dies die richtige Grundhaltung vor Gott ist und unsere Gebetshaltung sein sollte. Und dass aus dieser Erkenntnis heraus, der hl. Geist aus unserem Inneren heraus betet, mit unaussprechlichen Seufzern.<\/p>\n<p>Und Jesus antwortet mit diesem unvergleichlich tr\u00f6stenden und m\u00e4chtigen Wort: &#8222;Wahrlich, ich sage dir: Heute noch wirst du mit mir im Paradiese sein!&#8220;<\/p>\n","protected":false},"excerpt":{"rendered":"<p>Nach der katholischen \u00dcberlieferung hei\u00dfen die beiden Verbrecher, die mit Jesus gekreuzigt wurden Dismas und Gestas. Dismas ist der rechte Sch\u00e4cher, der sich am Kreuz zu Jesus bekannte und Gestas war der unbussfertige Sch\u00e4cher. An den Aussagen beider wird jeweils eine andere (Grund-) Haltung offenbar. In Lukas 23 lesen wir: &#8222;Einer von den aufgeh\u00e4ngten Verbrechern &hellip; <a href=\"http:\/\/omnia.alte-messe-bistum-speyer.de\/?p=3608\" class=\"more-link\"><span class=\"screen-reader-text\">Die zwei Haltungen<\/span> weiterlesen<\/a><\/p>\n","protected":false},"author":2,"featured_media":0,"comment_status":"open","ping_status":"closed","sticky":false,"template":"","format":"standard","meta":{"footnotes":""},"categories":[6],"tags":[233,26],"class_list":["post-3608","post","type-post","status-publish","format-standard","hentry","category-spirituelles","tag-gebet","tag-glaube"],"yoast_head":"<!-- This site is optimized with the Yoast SEO plugin v25.8 - https:\/\/yoast.com\/wordpress\/plugins\/seo\/ -->\n<title>Die zwei Haltungen - OmniBlog<\/title>\n<meta name=\"robots\" content=\"index, follow, max-snippet:-1, max-image-preview:large, max-video-preview:-1\" \/>\n<link rel=\"canonical\" href=\"http:\/\/omnia.alte-messe-bistum-speyer.de\/?p=3608\" \/>\n<meta property=\"og:locale\" content=\"de_DE\" \/>\n<meta property=\"og:type\" content=\"article\" \/>\n<meta property=\"og:title\" content=\"Die zwei Haltungen - OmniBlog\" \/>\n<meta property=\"og:description\" content=\"Nach der katholischen \u00dcberlieferung hei\u00dfen die beiden Verbrecher, die mit Jesus gekreuzigt wurden Dismas und Gestas. Dismas ist der rechte Sch\u00e4cher, der sich am Kreuz zu Jesus bekannte und Gestas war der unbussfertige Sch\u00e4cher. An den Aussagen beider wird jeweils eine andere (Grund-) Haltung offenbar. In Lukas 23 lesen wir: &#8222;Einer von den aufgeh\u00e4ngten Verbrechern &hellip; Die zwei Haltungen weiterlesen\" \/>\n<meta property=\"og:url\" content=\"http:\/\/omnia.alte-messe-bistum-speyer.de\/?p=3608\" \/>\n<meta property=\"og:site_name\" content=\"OmniBlog\" \/>\n<meta property=\"article:published_time\" content=\"2019-04-14T21:06:48+00:00\" \/>\n<meta property=\"article:modified_time\" content=\"2021-02-03T20:21:04+00:00\" \/>\n<meta property=\"og:image\" content=\"http:\/\/omnia.alte-messe-bistum-speyer.de\/wp-content\/uploads\/2019\/04\/crucifixion.group_.png\" \/>\n\t<meta property=\"og:image:width\" content=\"799\" \/>\n\t<meta property=\"og:image:height\" content=\"580\" \/>\n\t<meta property=\"og:image:type\" content=\"image\/png\" \/>\n<meta name=\"author\" content=\"michael\" \/>\n<meta name=\"twitter:card\" content=\"summary_large_image\" \/>\n<meta name=\"twitter:label1\" content=\"Verfasst von\" \/>\n\t<meta name=\"twitter:data1\" content=\"michael\" \/>\n\t<meta name=\"twitter:label2\" content=\"Gesch\u00e4tzte Lesezeit\" \/>\n\t<meta name=\"twitter:data2\" content=\"2\u00a0Minuten\" \/>\n<script type=\"application\/ld+json\" class=\"yoast-schema-graph\">{\"@context\":\"https:\/\/schema.org\",\"@graph\":[{\"@type\":\"Article\",\"@id\":\"http:\/\/omnia.alte-messe-bistum-speyer.de\/?p=3608#article\",\"isPartOf\":{\"@id\":\"http:\/\/omnia.alte-messe-bistum-speyer.de\/?p=3608\"},\"author\":{\"name\":\"michael\",\"@id\":\"http:\/\/omnia.alte-messe-bistum-speyer.de\/#\/schema\/person\/f541313e5005fba6ea4b73092e894370\"},\"headline\":\"Die zwei Haltungen\",\"datePublished\":\"2019-04-14T21:06:48+00:00\",\"dateModified\":\"2021-02-03T20:21:04+00:00\",\"mainEntityOfPage\":{\"@id\":\"http:\/\/omnia.alte-messe-bistum-speyer.de\/?p=3608\"},\"wordCount\":378,\"commentCount\":0,\"publisher\":{\"@id\":\"http:\/\/omnia.alte-messe-bistum-speyer.de\/#organization\"},\"image\":{\"@id\":\"http:\/\/omnia.alte-messe-bistum-speyer.de\/?p=3608#primaryimage\"},\"thumbnailUrl\":\"http:\/\/omnia.alte-messe-bistum-speyer.de\/wp-content\/uploads\/2019\/04\/crucifixion.group_-300x218.png\",\"keywords\":[\"Gebet\",\"Glaube\"],\"articleSection\":[\"Spirituelles\"],\"inLanguage\":\"de\",\"potentialAction\":[{\"@type\":\"CommentAction\",\"name\":\"Comment\",\"target\":[\"http:\/\/omnia.alte-messe-bistum-speyer.de\/?p=3608#respond\"]}]},{\"@type\":\"WebPage\",\"@id\":\"http:\/\/omnia.alte-messe-bistum-speyer.de\/?p=3608\",\"url\":\"http:\/\/omnia.alte-messe-bistum-speyer.de\/?p=3608\",\"name\":\"Die zwei Haltungen - OmniBlog\",\"isPartOf\":{\"@id\":\"http:\/\/omnia.alte-messe-bistum-speyer.de\/#website\"},\"primaryImageOfPage\":{\"@id\":\"http:\/\/omnia.alte-messe-bistum-speyer.de\/?p=3608#primaryimage\"},\"image\":{\"@id\":\"http:\/\/omnia.alte-messe-bistum-speyer.de\/?p=3608#primaryimage\"},\"thumbnailUrl\":\"http:\/\/omnia.alte-messe-bistum-speyer.de\/wp-content\/uploads\/2019\/04\/crucifixion.group_-300x218.png\",\"datePublished\":\"2019-04-14T21:06:48+00:00\",\"dateModified\":\"2021-02-03T20:21:04+00:00\",\"breadcrumb\":{\"@id\":\"http:\/\/omnia.alte-messe-bistum-speyer.de\/?p=3608#breadcrumb\"},\"inLanguage\":\"de\",\"potentialAction\":[{\"@type\":\"ReadAction\",\"target\":[\"http:\/\/omnia.alte-messe-bistum-speyer.de\/?p=3608\"]}]},{\"@type\":\"ImageObject\",\"inLanguage\":\"de\",\"@id\":\"http:\/\/omnia.alte-messe-bistum-speyer.de\/?p=3608#primaryimage\",\"url\":\"http:\/\/omnia.alte-messe-bistum-speyer.de\/wp-content\/uploads\/2019\/04\/crucifixion.group_.png\",\"contentUrl\":\"http:\/\/omnia.alte-messe-bistum-speyer.de\/wp-content\/uploads\/2019\/04\/crucifixion.group_.png\",\"width\":799,\"height\":580,\"caption\":\"Kreuzigungsgruppe\"},{\"@type\":\"BreadcrumbList\",\"@id\":\"http:\/\/omnia.alte-messe-bistum-speyer.de\/?p=3608#breadcrumb\",\"itemListElement\":[{\"@type\":\"ListItem\",\"position\":1,\"name\":\"Startseite\",\"item\":\"http:\/\/omnia.alte-messe-bistum-speyer.de\/\"},{\"@type\":\"ListItem\",\"position\":2,\"name\":\"Die zwei Haltungen\"}]},{\"@type\":\"WebSite\",\"@id\":\"http:\/\/omnia.alte-messe-bistum-speyer.de\/#website\",\"url\":\"http:\/\/omnia.alte-messe-bistum-speyer.de\/\",\"name\":\"OmniBlog\",\"description\":\"Katholischer Glaube - Christliche Werte\",\"publisher\":{\"@id\":\"http:\/\/omnia.alte-messe-bistum-speyer.de\/#organization\"},\"potentialAction\":[{\"@type\":\"SearchAction\",\"target\":{\"@type\":\"EntryPoint\",\"urlTemplate\":\"http:\/\/omnia.alte-messe-bistum-speyer.de\/?s={search_term_string}\"},\"query-input\":{\"@type\":\"PropertyValueSpecification\",\"valueRequired\":true,\"valueName\":\"search_term_string\"}}],\"inLanguage\":\"de\"},{\"@type\":\"Organization\",\"@id\":\"http:\/\/omnia.alte-messe-bistum-speyer.de\/#organization\",\"name\":\"Omniblog\",\"url\":\"http:\/\/omnia.alte-messe-bistum-speyer.de\/\",\"logo\":{\"@type\":\"ImageObject\",\"inLanguage\":\"de\",\"@id\":\"http:\/\/omnia.alte-messe-bistum-speyer.de\/#\/schema\/logo\/image\/\",\"url\":\"http:\/\/omnia.alte-messe-bistum-speyer.de\/wp-content\/uploads\/2020\/03\/HL.Messe_.png\",\"contentUrl\":\"http:\/\/omnia.alte-messe-bistum-speyer.de\/wp-content\/uploads\/2020\/03\/HL.Messe_.png\",\"width\":487,\"height\":666,\"caption\":\"Omniblog\"},\"image\":{\"@id\":\"http:\/\/omnia.alte-messe-bistum-speyer.de\/#\/schema\/logo\/image\/\"}},{\"@type\":\"Person\",\"@id\":\"http:\/\/omnia.alte-messe-bistum-speyer.de\/#\/schema\/person\/f541313e5005fba6ea4b73092e894370\",\"name\":\"michael\",\"image\":{\"@type\":\"ImageObject\",\"inLanguage\":\"de\",\"@id\":\"http:\/\/omnia.alte-messe-bistum-speyer.de\/#\/schema\/person\/image\/\",\"url\":\"https:\/\/secure.gravatar.com\/avatar\/628fc1e28cd3cb7f4bc24dc0226dff79d4105570d38e57124f0d8c38985f05aa?s=96&d=identicon&r=g\",\"contentUrl\":\"https:\/\/secure.gravatar.com\/avatar\/628fc1e28cd3cb7f4bc24dc0226dff79d4105570d38e57124f0d8c38985f05aa?s=96&d=identicon&r=g\",\"caption\":\"michael\"},\"sameAs\":[\"http:\/\/www.omnia-instaurare-in-christo.de\"],\"url\":\"http:\/\/omnia.alte-messe-bistum-speyer.de\/?author=2\"}]}<\/script>\n<!-- \/ Yoast SEO plugin. -->","yoast_head_json":{"title":"Die zwei Haltungen - OmniBlog","robots":{"index":"index","follow":"follow","max-snippet":"max-snippet:-1","max-image-preview":"max-image-preview:large","max-video-preview":"max-video-preview:-1"},"canonical":"http:\/\/omnia.alte-messe-bistum-speyer.de\/?p=3608","og_locale":"de_DE","og_type":"article","og_title":"Die zwei Haltungen - OmniBlog","og_description":"Nach der katholischen \u00dcberlieferung hei\u00dfen die beiden Verbrecher, die mit Jesus gekreuzigt wurden Dismas und Gestas. Dismas ist der rechte Sch\u00e4cher, der sich am Kreuz zu Jesus bekannte und Gestas war der unbussfertige Sch\u00e4cher. An den Aussagen beider wird jeweils eine andere (Grund-) Haltung offenbar. In Lukas 23 lesen wir: &#8222;Einer von den aufgeh\u00e4ngten Verbrechern &hellip; Die zwei Haltungen weiterlesen","og_url":"http:\/\/omnia.alte-messe-bistum-speyer.de\/?p=3608","og_site_name":"OmniBlog","article_published_time":"2019-04-14T21:06:48+00:00","article_modified_time":"2021-02-03T20:21:04+00:00","og_image":[{"width":799,"height":580,"url":"http:\/\/omnia.alte-messe-bistum-speyer.de\/wp-content\/uploads\/2019\/04\/crucifixion.group_.png","type":"image\/png"}],"author":"michael","twitter_card":"summary_large_image","twitter_misc":{"Verfasst von":"michael","Gesch\u00e4tzte Lesezeit":"2\u00a0Minuten"},"schema":{"@context":"https:\/\/schema.org","@graph":[{"@type":"Article","@id":"http:\/\/omnia.alte-messe-bistum-speyer.de\/?p=3608#article","isPartOf":{"@id":"http:\/\/omnia.alte-messe-bistum-speyer.de\/?p=3608"},"author":{"name":"michael","@id":"http:\/\/omnia.alte-messe-bistum-speyer.de\/#\/schema\/person\/f541313e5005fba6ea4b73092e894370"},"headline":"Die zwei Haltungen","datePublished":"2019-04-14T21:06:48+00:00","dateModified":"2021-02-03T20:21:04+00:00","mainEntityOfPage":{"@id":"http:\/\/omnia.alte-messe-bistum-speyer.de\/?p=3608"},"wordCount":378,"commentCount":0,"publisher":{"@id":"http:\/\/omnia.alte-messe-bistum-speyer.de\/#organization"},"image":{"@id":"http:\/\/omnia.alte-messe-bistum-speyer.de\/?p=3608#primaryimage"},"thumbnailUrl":"http:\/\/omnia.alte-messe-bistum-speyer.de\/wp-content\/uploads\/2019\/04\/crucifixion.group_-300x218.png","keywords":["Gebet","Glaube"],"articleSection":["Spirituelles"],"inLanguage":"de","potentialAction":[{"@type":"CommentAction","name":"Comment","target":["http:\/\/omnia.alte-messe-bistum-speyer.de\/?p=3608#respond"]}]},{"@type":"WebPage","@id":"http:\/\/omnia.alte-messe-bistum-speyer.de\/?p=3608","url":"http:\/\/omnia.alte-messe-bistum-speyer.de\/?p=3608","name":"Die zwei Haltungen - OmniBlog","isPartOf":{"@id":"http:\/\/omnia.alte-messe-bistum-speyer.de\/#website"},"primaryImageOfPage":{"@id":"http:\/\/omnia.alte-messe-bistum-speyer.de\/?p=3608#primaryimage"},"image":{"@id":"http:\/\/omnia.alte-messe-bistum-speyer.de\/?p=3608#primaryimage"},"thumbnailUrl":"http:\/\/omnia.alte-messe-bistum-speyer.de\/wp-content\/uploads\/2019\/04\/crucifixion.group_-300x218.png","datePublished":"2019-04-14T21:06:48+00:00","dateModified":"2021-02-03T20:21:04+00:00","breadcrumb":{"@id":"http:\/\/omnia.alte-messe-bistum-speyer.de\/?p=3608#breadcrumb"},"inLanguage":"de","potentialAction":[{"@type":"ReadAction","target":["http:\/\/omnia.alte-messe-bistum-speyer.de\/?p=3608"]}]},{"@type":"ImageObject","inLanguage":"de","@id":"http:\/\/omnia.alte-messe-bistum-speyer.de\/?p=3608#primaryimage","url":"http:\/\/omnia.alte-messe-bistum-speyer.de\/wp-content\/uploads\/2019\/04\/crucifixion.group_.png","contentUrl":"http:\/\/omnia.alte-messe-bistum-speyer.de\/wp-content\/uploads\/2019\/04\/crucifixion.group_.png","width":799,"height":580,"caption":"Kreuzigungsgruppe"},{"@type":"BreadcrumbList","@id":"http:\/\/omnia.alte-messe-bistum-speyer.de\/?p=3608#breadcrumb","itemListElement":[{"@type":"ListItem","position":1,"name":"Startseite","item":"http:\/\/omnia.alte-messe-bistum-speyer.de\/"},{"@type":"ListItem","position":2,"name":"Die zwei Haltungen"}]},{"@type":"WebSite","@id":"http:\/\/omnia.alte-messe-bistum-speyer.de\/#website","url":"http:\/\/omnia.alte-messe-bistum-speyer.de\/","name":"OmniBlog","description":"Katholischer Glaube - Christliche Werte","publisher":{"@id":"http:\/\/omnia.alte-messe-bistum-speyer.de\/#organization"},"potentialAction":[{"@type":"SearchAction","target":{"@type":"EntryPoint","urlTemplate":"http:\/\/omnia.alte-messe-bistum-speyer.de\/?s={search_term_string}"},"query-input":{"@type":"PropertyValueSpecification","valueRequired":true,"valueName":"search_term_string"}}],"inLanguage":"de"},{"@type":"Organization","@id":"http:\/\/omnia.alte-messe-bistum-speyer.de\/#organization","name":"Omniblog","url":"http:\/\/omnia.alte-messe-bistum-speyer.de\/","logo":{"@type":"ImageObject","inLanguage":"de","@id":"http:\/\/omnia.alte-messe-bistum-speyer.de\/#\/schema\/logo\/image\/","url":"http:\/\/omnia.alte-messe-bistum-speyer.de\/wp-content\/uploads\/2020\/03\/HL.Messe_.png","contentUrl":"http:\/\/omnia.alte-messe-bistum-speyer.de\/wp-content\/uploads\/2020\/03\/HL.Messe_.png","width":487,"height":666,"caption":"Omniblog"},"image":{"@id":"http:\/\/omnia.alte-messe-bistum-speyer.de\/#\/schema\/logo\/image\/"}},{"@type":"Person","@id":"http:\/\/omnia.alte-messe-bistum-speyer.de\/#\/schema\/person\/f541313e5005fba6ea4b73092e894370","name":"michael","image":{"@type":"ImageObject","inLanguage":"de","@id":"http:\/\/omnia.alte-messe-bistum-speyer.de\/#\/schema\/person\/image\/","url":"https:\/\/secure.gravatar.com\/avatar\/628fc1e28cd3cb7f4bc24dc0226dff79d4105570d38e57124f0d8c38985f05aa?s=96&d=identicon&r=g","contentUrl":"https:\/\/secure.gravatar.com\/avatar\/628fc1e28cd3cb7f4bc24dc0226dff79d4105570d38e57124f0d8c38985f05aa?s=96&d=identicon&r=g","caption":"michael"},"sameAs":["http:\/\/www.omnia-instaurare-in-christo.de"],"url":"http:\/\/omnia.alte-messe-bistum-speyer.de\/?author=2"}]}},"_links":{"self":[{"href":"http:\/\/omnia.alte-messe-bistum-speyer.de\/index.php?rest_route=\/wp\/v2\/posts\/3608","targetHints":{"allow":["GET"]}}],"collection":[{"href":"http:\/\/omnia.alte-messe-bistum-speyer.de\/index.php?rest_route=\/wp\/v2\/posts"}],"about":[{"href":"http:\/\/omnia.alte-messe-bistum-speyer.de\/index.php?rest_route=\/wp\/v2\/types\/post"}],"author":[{"embeddable":true,"href":"http:\/\/omnia.alte-messe-bistum-speyer.de\/index.php?rest_route=\/wp\/v2\/users\/2"}],"replies":[{"embeddable":true,"href":"http:\/\/omnia.alte-messe-bistum-speyer.de\/index.php?rest_route=%2Fwp%2Fv2%2Fcomments&post=3608"}],"version-history":[{"count":10,"href":"http:\/\/omnia.alte-messe-bistum-speyer.de\/index.php?rest_route=\/wp\/v2\/posts\/3608\/revisions"}],"predecessor-version":[{"id":4098,"href":"http:\/\/omnia.alte-messe-bistum-speyer.de\/index.php?rest_route=\/wp\/v2\/posts\/3608\/revisions\/4098"}],"wp:attachment":[{"href":"http:\/\/omnia.alte-messe-bistum-speyer.de\/index.php?rest_route=%2Fwp%2Fv2%2Fmedia&parent=3608"}],"wp:term":[{"taxonomy":"category","embeddable":true,"href":"http:\/\/omnia.alte-messe-bistum-speyer.de\/index.php?rest_route=%2Fwp%2Fv2%2Fcategories&post=3608"},{"taxonomy":"post_tag","embeddable":true,"href":"http:\/\/omnia.alte-messe-bistum-speyer.de\/index.php?rest_route=%2Fwp%2Fv2%2Ftags&post=3608"}],"curies":[{"name":"wp","href":"https:\/\/api.w.org\/{rel}","templated":true}]}}