{"id":3807,"date":"2020-02-19T07:04:08","date_gmt":"2020-02-19T05:04:08","guid":{"rendered":"http:\/\/omnia.alte-messe-bistum-speyer.de\/?p=3807"},"modified":"2020-02-19T07:04:08","modified_gmt":"2020-02-19T05:04:08","slug":"day34-follow-god-in-faith","status":"publish","type":"post","link":"http:\/\/omnia.alte-messe-bistum-speyer.de\/?p=3807","title":{"rendered":"Day34: Follow God in Faith"},"content":{"rendered":"\n<h2 class=\"wp-block-heading\">Exodus90: Day34: Follow God in Faith  <\/h2>\n\n\n\n<p>Sie befinden sich\n\u00f6stlich von \u00c4gypten und fliehen in die Wildnis.<br>\n<br>\nDie\nIsraeliten haben ein Lamm (ein Abbild eines \u00e4gyptischen Gottes)\nget\u00f6tet und sein Blut \u00f6ffentlich an ihre T\u00fcrpfosten geschmiert.\nWenn Sie jetzt in die W\u00fcste gehen, wird es Ihnen gut tun, Gott und\nIhrer Bruderschaft sehr nahe zu bleiben.<br>\n<br>\nAktionspunkte<br>\n<br>\n1.\nDie Kontrolle aufgeben.<br>\n2. Kontrollieren Sie Ihren Anker.<br>\n3.\nDenken Sie \u00fcber Ihr &#8222;Warum&#8220; nach.<br>\n4. Folgen Sie\nGott.<br>\n<br>\nBeten Sie, dass der Herr Ihnen und Ihrer\nBruderschaft Befreiung gew\u00e4hrt.<br>\n<br>\nBeten Sie um Freiheit f\u00fcr\nalle Menschen im Exodus, so wie sie f\u00fcr Sie beten.<br>\n<br>\nUnser\nVater&#8230;<br>\n<br>\nExodus 13:17\u201314:9 \n<\/p>\n\n\n\n<p>Als der Pharao das\nVolk ziehen lie\u00df, da f\u00fchrte Gott sie nicht den Weg zum\nPhilisterland, obwohl dies der n\u00e4chste gewesen w\u00e4re; denn Gott\nsagte sich, das Volk bekommt am Ende Reue, wenn es sich in K\u00e4mpfe\nverwickelt sieht, und will wieder nach \u00c4gypten zur\u00fcck.  Darum lie\u00df\nGott das Volk auf den Weg zur W\u00fcste am Schilfmeer abbiegen. Die\nIsraeliten zogen kampfger\u00fcstet aus dem \u00c4gypterland.  Moses nahm die\nGebeine Josephs mit. Dieser hatte ja die Kinder Israels feierlich\nschw\u00f6ren lassen: Sucht Gott euch einstens gn\u00e4dig heim, dann nehmt\nmeine Gebeine von hier mit euch! Sie brachen von Sukkot auf und\nlagerten in Etam am Rande der W\u00fcste.<\/p>\n\n\n\n<p>Der Herr zog am Tage\nvor ihnen in einer Wolkens\u00e4ule her, um ihnen den Weg zu zeigen, bei\nNacht aber in einer Feuers\u00e4ule, um ihnen Licht zu spenden, so da\u00df\nsie bei Tag und Nacht wandern konnten. Nicht wich die Wolkens\u00e4ule\nbei Tag und nicht die Feuers\u00e4ule bei Nacht von der Spitze des\nziehenden Volkes.<\/p>\n\n\n\n<p>Der Herr sprach zu\nMoses folgendes:  &#8222;Sage den Kindern Israels, sie sollen umkehren\nund sich vor Pi-Hachirot zwischen Migdol und dem Meer vor Baal-Zephon\nlagern. Ihm gegen\u00fcber sollt ihr am Meer das Lager aufschlagen!  Der\nPharao wird dann von den Israeliten annehmen: Sie haben sich in dem\nLande verirrt, die W\u00fcste hat sie ringsum eingeschlossen.  Ich will\ndas Herz des Pharao verh\u00e4rten, und er wird sie verfolgen. Ich\nerweise meine Macht am Pharao und seinem ganzen Heere. Die \u00c4gypter\nwerden erkennen, da\u00df ich der Herr bin!&#8220; Und sie taten so. \n<\/p>\n\n\n\n<p>Dem K\u00f6nig von\n\u00c4gypten ward berichtet, da\u00df das Volk entflohen sei. Da \u00e4nderte\nsich die Stimmung des Pharao und seiner Diener dem Volke gegen\u00fcber.\nSie sprachen: &#8222;Was haben wir da getan, da\u00df wir Israel entlassen\nhaben aus unserem Dienst!&#8220; Er lie\u00df seine Streitwagen anspannen\nund nahm seine Kriegsleute mit sich. Er f\u00fchrte sechshundert\nauserlesene Streitwagen und alle anderen Streitwagen \u00c4gyptens mit\nund auf jedem drei Mann Besatzung. Der Herr verh\u00e4rtete das Herz des\nPharao, des K\u00f6nigs von \u00c4gypten, so da\u00df er den Kindern Israels\nnachsetzte, obwohl doch die Israeliten unter dem Schutz einer\nerhobenen Hand auszogen. Die \u00c4gypter verfolgten und erreichten sie\nmit allen Gespannen und Wagen des Pharao, mit deren Mannschaften und\ndem gesamten Heer, als jene sich am Meer lagerten; es war bei\nPi-Hachirot gegen\u00fcber von Baal-Zephon.<\/p>\n\n\n\n<p> Reflexion<br>\n<br>\nSie\nsind an den Rand des Roten Meeres gekommen. Schauen Sie in eine\nRichtung und Sie sehen eine sch\u00f6ne Aussicht. Schauen Sie in die\nandere Richtung, und Sie stehen einer w\u00fctenden Armee gegen\u00fcber, die\nauf Sie zukommt, um Sie gefangen zu nehmen oder zu t\u00f6ten. Die\nIsraeliten haben sich all dem physisch gestellt. F\u00fcr uns ist das\nalles heute Realit\u00e4t, aber im geistigen Bereich.<br>\n<br>\nKardinal\nJean Dani\u00e9lou schrieb \u00fcber den Konflikt zwischen den Katechumenen\n(die sich auf die Taufe vorbereiten) und Satan, ihrem Feind. Er\nbeschreibt, was das Auge nicht sehen und der Geist vielleicht noch\nnicht wahrnehmen kann:<br>\n<br>\n<em>Die vierzig Tage der Fastenzeit\ndes Katechumenen sind eine Zeit der Pr\u00fcfung, eine Zeit ernsthafter\nKonflikte, w\u00e4hrend Satan und seine Engel danach streben, seine Seele\nin Besitz zu halten. Dies ist keine Redewendung, sondern muss\nw\u00f6rtlich verstanden werden: Denn ein Heide ist nicht nur der\nchristlichen Offenbarung gegen\u00fcber unwissend, sondern er ist der\naktiven Herrschaft der M\u00e4chte der Finsternis unterworfen und muss\naus der Gefangenschaft herausgerissen werden. &#8230; Auch nach dem Sieg\nChristi bleibt die menschliche Natur derer, die nicht seine sind,\ngefangen: Er hat der Schlange den Kopf zerschlagen, aber ihre\nWindungen winden sich noch, um die V\u00f6lker der Erde zu verstricken.\nAls Satan seine Beute im Begriff ist zu entkommen, verdoppelt er\nseine Anstrengungen gegen den Katechumenen; aber w\u00e4hrend der vierzig\nTage wird auch der Halt Christi gest\u00e4rkt. &#8230; aber der Teufel h\u00e4lt\nseinen Druck die ganze Zeit aufrecht, bis zum Augenblick der\nOsternacht und bis zum Rand des Taufbeckens.<br>\n<br>\n    Dann, und\nnur dann, geschieht das Unm\u00f6gliche; das Meer wird geteilt. \u2026<br>\n<br>\nSo\nwie sich die Wasser f\u00fcr die Israeliten und die Tore des Todes f\u00fcr\nden Herrn Jesus ge\u00f6ffnet haben, so geht der Katechumene in das\nWasser der Taufe hinab, macht seine \u00dcberquerung, l\u00e4sst den Pharao\nund sein Heer, den Teufel und seine Engel, hinter sich und kommt auf\nder anderen Seite heraus. Er ist gerettet. Gerettet, das hei\u00dft, im\nwahrsten Sinne des Wortes, wie ein schiffbr\u00fcchiger \u00dcberlebender,\nder an Land gebracht wird. [9]<\/em><br>\n<br>\nDie Taufe ist mehr als\nein einfacher Ritus. Sie ist kein blo\u00dfer Aberglaube. Sie ist ein\nrettendes Werk Gottes. Wenn Sie heute am Roten Meer stehen, ziehen\nSie Bilanz \u00fcber Ihre Situation. Sie k\u00f6nnen mit dem Herrn in Ihrem\nStreben nach Freiheit und Leben weitermachen, aber dann k\u00f6nnten Sie\nertrinken (das hei\u00dft, wenn der Herr keinen besseren Plan hat, den\nSie noch nicht sehen k\u00f6nnen). Oder Sie k\u00f6nnen jetzt aufh\u00f6ren und\numkehren. Wenn Sie sich daf\u00fcr entscheiden, aufzuh\u00f6ren, bedeutet das\ndie R\u00fcckkehr in die Sklaverei. Es ist eine Entscheidung f\u00fcr den\nspirituellen Tod. Heute ist Tag 34, und es steht Ihnen frei, entweder\nweiterzumachen oder aufzuh\u00f6ren. Was werden Sie w\u00e4hlen? Werden Sie\numkehren oder werden Sie Ihr Vertrauen in den Spender des Lebens\nsetzen und weitergehen? \n<\/p>\n","protected":false},"excerpt":{"rendered":"<p>Exodus90: Day34: Follow God in Faith Sie befinden sich \u00f6stlich von \u00c4gypten und fliehen in die Wildnis. Die Israeliten haben ein Lamm (ein Abbild eines \u00e4gyptischen Gottes) get\u00f6tet und sein Blut \u00f6ffentlich an ihre T\u00fcrpfosten geschmiert. Wenn Sie jetzt in die W\u00fcste gehen, wird es Ihnen gut tun, Gott und Ihrer Bruderschaft sehr nahe zu &hellip; <a href=\"http:\/\/omnia.alte-messe-bistum-speyer.de\/?p=3807\" class=\"more-link\"><span class=\"screen-reader-text\">Day34: Follow God in Faith<\/span> weiterlesen<\/a><\/p>\n","protected":false},"author":2,"featured_media":0,"comment_status":"closed","ping_status":"closed","sticky":false,"template":"","format":"standard","meta":{"footnotes":""},"categories":[330],"tags":[331,166],"class_list":["post-3807","post","type-post","status-publish","format-standard","hentry","category-exodus90","tag-exodus90","tag-fastenzeit"],"yoast_head":"<!-- This site is optimized with the Yoast SEO plugin v25.8 - https:\/\/yoast.com\/wordpress\/plugins\/seo\/ -->\n<title>Day34: Follow God in Faith - OmniBlog<\/title>\n<meta name=\"robots\" content=\"index, follow, max-snippet:-1, max-image-preview:large, max-video-preview:-1\" \/>\n<link rel=\"canonical\" href=\"http:\/\/omnia.alte-messe-bistum-speyer.de\/?p=3807\" \/>\n<meta property=\"og:locale\" content=\"de_DE\" \/>\n<meta property=\"og:type\" content=\"article\" \/>\n<meta property=\"og:title\" content=\"Day34: Follow God in Faith - OmniBlog\" \/>\n<meta property=\"og:description\" content=\"Exodus90: Day34: Follow God in Faith Sie befinden sich \u00f6stlich von \u00c4gypten und fliehen in die Wildnis. Die Israeliten haben ein Lamm (ein Abbild eines \u00e4gyptischen Gottes) get\u00f6tet und sein Blut \u00f6ffentlich an ihre T\u00fcrpfosten geschmiert. Wenn Sie jetzt in die W\u00fcste gehen, wird es Ihnen gut tun, Gott und Ihrer Bruderschaft sehr nahe zu &hellip; Day34: Follow God in Faith weiterlesen\" \/>\n<meta property=\"og:url\" content=\"http:\/\/omnia.alte-messe-bistum-speyer.de\/?p=3807\" \/>\n<meta property=\"og:site_name\" content=\"OmniBlog\" \/>\n<meta property=\"article:published_time\" content=\"2020-02-19T05:04:08+00:00\" \/>\n<meta name=\"author\" content=\"michael\" \/>\n<meta name=\"twitter:card\" content=\"summary_large_image\" \/>\n<meta name=\"twitter:label1\" content=\"Verfasst von\" \/>\n\t<meta name=\"twitter:data1\" content=\"michael\" \/>\n\t<meta name=\"twitter:label2\" content=\"Gesch\u00e4tzte Lesezeit\" \/>\n\t<meta name=\"twitter:data2\" content=\"5\u00a0Minuten\" \/>\n<script type=\"application\/ld+json\" class=\"yoast-schema-graph\">{\"@context\":\"https:\/\/schema.org\",\"@graph\":[{\"@type\":\"Article\",\"@id\":\"http:\/\/omnia.alte-messe-bistum-speyer.de\/?p=3807#article\",\"isPartOf\":{\"@id\":\"http:\/\/omnia.alte-messe-bistum-speyer.de\/?p=3807\"},\"author\":{\"name\":\"michael\",\"@id\":\"http:\/\/omnia.alte-messe-bistum-speyer.de\/#\/schema\/person\/f541313e5005fba6ea4b73092e894370\"},\"headline\":\"Day34: Follow God in Faith\",\"datePublished\":\"2020-02-19T05:04:08+00:00\",\"mainEntityOfPage\":{\"@id\":\"http:\/\/omnia.alte-messe-bistum-speyer.de\/?p=3807\"},\"wordCount\":1011,\"publisher\":{\"@id\":\"http:\/\/omnia.alte-messe-bistum-speyer.de\/#organization\"},\"keywords\":[\"Exodus90\",\"Fastenzeit\"],\"articleSection\":[\"Exodus90\"],\"inLanguage\":\"de\"},{\"@type\":\"WebPage\",\"@id\":\"http:\/\/omnia.alte-messe-bistum-speyer.de\/?p=3807\",\"url\":\"http:\/\/omnia.alte-messe-bistum-speyer.de\/?p=3807\",\"name\":\"Day34: Follow God in Faith - OmniBlog\",\"isPartOf\":{\"@id\":\"http:\/\/omnia.alte-messe-bistum-speyer.de\/#website\"},\"datePublished\":\"2020-02-19T05:04:08+00:00\",\"breadcrumb\":{\"@id\":\"http:\/\/omnia.alte-messe-bistum-speyer.de\/?p=3807#breadcrumb\"},\"inLanguage\":\"de\",\"potentialAction\":[{\"@type\":\"ReadAction\",\"target\":[\"http:\/\/omnia.alte-messe-bistum-speyer.de\/?p=3807\"]}]},{\"@type\":\"BreadcrumbList\",\"@id\":\"http:\/\/omnia.alte-messe-bistum-speyer.de\/?p=3807#breadcrumb\",\"itemListElement\":[{\"@type\":\"ListItem\",\"position\":1,\"name\":\"Startseite\",\"item\":\"http:\/\/omnia.alte-messe-bistum-speyer.de\/\"},{\"@type\":\"ListItem\",\"position\":2,\"name\":\"Day34: Follow God in Faith\"}]},{\"@type\":\"WebSite\",\"@id\":\"http:\/\/omnia.alte-messe-bistum-speyer.de\/#website\",\"url\":\"http:\/\/omnia.alte-messe-bistum-speyer.de\/\",\"name\":\"OmniBlog\",\"description\":\"Katholischer Glaube - Christliche Werte\",\"publisher\":{\"@id\":\"http:\/\/omnia.alte-messe-bistum-speyer.de\/#organization\"},\"potentialAction\":[{\"@type\":\"SearchAction\",\"target\":{\"@type\":\"EntryPoint\",\"urlTemplate\":\"http:\/\/omnia.alte-messe-bistum-speyer.de\/?s={search_term_string}\"},\"query-input\":{\"@type\":\"PropertyValueSpecification\",\"valueRequired\":true,\"valueName\":\"search_term_string\"}}],\"inLanguage\":\"de\"},{\"@type\":\"Organization\",\"@id\":\"http:\/\/omnia.alte-messe-bistum-speyer.de\/#organization\",\"name\":\"Omniblog\",\"url\":\"http:\/\/omnia.alte-messe-bistum-speyer.de\/\",\"logo\":{\"@type\":\"ImageObject\",\"inLanguage\":\"de\",\"@id\":\"http:\/\/omnia.alte-messe-bistum-speyer.de\/#\/schema\/logo\/image\/\",\"url\":\"http:\/\/omnia.alte-messe-bistum-speyer.de\/wp-content\/uploads\/2020\/03\/HL.Messe_.png\",\"contentUrl\":\"http:\/\/omnia.alte-messe-bistum-speyer.de\/wp-content\/uploads\/2020\/03\/HL.Messe_.png\",\"width\":487,\"height\":666,\"caption\":\"Omniblog\"},\"image\":{\"@id\":\"http:\/\/omnia.alte-messe-bistum-speyer.de\/#\/schema\/logo\/image\/\"}},{\"@type\":\"Person\",\"@id\":\"http:\/\/omnia.alte-messe-bistum-speyer.de\/#\/schema\/person\/f541313e5005fba6ea4b73092e894370\",\"name\":\"michael\",\"image\":{\"@type\":\"ImageObject\",\"inLanguage\":\"de\",\"@id\":\"http:\/\/omnia.alte-messe-bistum-speyer.de\/#\/schema\/person\/image\/\",\"url\":\"https:\/\/secure.gravatar.com\/avatar\/628fc1e28cd3cb7f4bc24dc0226dff79d4105570d38e57124f0d8c38985f05aa?s=96&d=identicon&r=g\",\"contentUrl\":\"https:\/\/secure.gravatar.com\/avatar\/628fc1e28cd3cb7f4bc24dc0226dff79d4105570d38e57124f0d8c38985f05aa?s=96&d=identicon&r=g\",\"caption\":\"michael\"},\"sameAs\":[\"http:\/\/www.omnia-instaurare-in-christo.de\"],\"url\":\"http:\/\/omnia.alte-messe-bistum-speyer.de\/?author=2\"}]}<\/script>\n<!-- \/ Yoast SEO plugin. -->","yoast_head_json":{"title":"Day34: Follow God in Faith - OmniBlog","robots":{"index":"index","follow":"follow","max-snippet":"max-snippet:-1","max-image-preview":"max-image-preview:large","max-video-preview":"max-video-preview:-1"},"canonical":"http:\/\/omnia.alte-messe-bistum-speyer.de\/?p=3807","og_locale":"de_DE","og_type":"article","og_title":"Day34: Follow God in Faith - OmniBlog","og_description":"Exodus90: Day34: Follow God in Faith Sie befinden sich \u00f6stlich von \u00c4gypten und fliehen in die Wildnis. Die Israeliten haben ein Lamm (ein Abbild eines \u00e4gyptischen Gottes) get\u00f6tet und sein Blut \u00f6ffentlich an ihre T\u00fcrpfosten geschmiert. Wenn Sie jetzt in die W\u00fcste gehen, wird es Ihnen gut tun, Gott und Ihrer Bruderschaft sehr nahe zu &hellip; Day34: Follow God in Faith weiterlesen","og_url":"http:\/\/omnia.alte-messe-bistum-speyer.de\/?p=3807","og_site_name":"OmniBlog","article_published_time":"2020-02-19T05:04:08+00:00","author":"michael","twitter_card":"summary_large_image","twitter_misc":{"Verfasst von":"michael","Gesch\u00e4tzte Lesezeit":"5\u00a0Minuten"},"schema":{"@context":"https:\/\/schema.org","@graph":[{"@type":"Article","@id":"http:\/\/omnia.alte-messe-bistum-speyer.de\/?p=3807#article","isPartOf":{"@id":"http:\/\/omnia.alte-messe-bistum-speyer.de\/?p=3807"},"author":{"name":"michael","@id":"http:\/\/omnia.alte-messe-bistum-speyer.de\/#\/schema\/person\/f541313e5005fba6ea4b73092e894370"},"headline":"Day34: Follow God in Faith","datePublished":"2020-02-19T05:04:08+00:00","mainEntityOfPage":{"@id":"http:\/\/omnia.alte-messe-bistum-speyer.de\/?p=3807"},"wordCount":1011,"publisher":{"@id":"http:\/\/omnia.alte-messe-bistum-speyer.de\/#organization"},"keywords":["Exodus90","Fastenzeit"],"articleSection":["Exodus90"],"inLanguage":"de"},{"@type":"WebPage","@id":"http:\/\/omnia.alte-messe-bistum-speyer.de\/?p=3807","url":"http:\/\/omnia.alte-messe-bistum-speyer.de\/?p=3807","name":"Day34: Follow God in Faith - OmniBlog","isPartOf":{"@id":"http:\/\/omnia.alte-messe-bistum-speyer.de\/#website"},"datePublished":"2020-02-19T05:04:08+00:00","breadcrumb":{"@id":"http:\/\/omnia.alte-messe-bistum-speyer.de\/?p=3807#breadcrumb"},"inLanguage":"de","potentialAction":[{"@type":"ReadAction","target":["http:\/\/omnia.alte-messe-bistum-speyer.de\/?p=3807"]}]},{"@type":"BreadcrumbList","@id":"http:\/\/omnia.alte-messe-bistum-speyer.de\/?p=3807#breadcrumb","itemListElement":[{"@type":"ListItem","position":1,"name":"Startseite","item":"http:\/\/omnia.alte-messe-bistum-speyer.de\/"},{"@type":"ListItem","position":2,"name":"Day34: Follow God in Faith"}]},{"@type":"WebSite","@id":"http:\/\/omnia.alte-messe-bistum-speyer.de\/#website","url":"http:\/\/omnia.alte-messe-bistum-speyer.de\/","name":"OmniBlog","description":"Katholischer Glaube - Christliche Werte","publisher":{"@id":"http:\/\/omnia.alte-messe-bistum-speyer.de\/#organization"},"potentialAction":[{"@type":"SearchAction","target":{"@type":"EntryPoint","urlTemplate":"http:\/\/omnia.alte-messe-bistum-speyer.de\/?s={search_term_string}"},"query-input":{"@type":"PropertyValueSpecification","valueRequired":true,"valueName":"search_term_string"}}],"inLanguage":"de"},{"@type":"Organization","@id":"http:\/\/omnia.alte-messe-bistum-speyer.de\/#organization","name":"Omniblog","url":"http:\/\/omnia.alte-messe-bistum-speyer.de\/","logo":{"@type":"ImageObject","inLanguage":"de","@id":"http:\/\/omnia.alte-messe-bistum-speyer.de\/#\/schema\/logo\/image\/","url":"http:\/\/omnia.alte-messe-bistum-speyer.de\/wp-content\/uploads\/2020\/03\/HL.Messe_.png","contentUrl":"http:\/\/omnia.alte-messe-bistum-speyer.de\/wp-content\/uploads\/2020\/03\/HL.Messe_.png","width":487,"height":666,"caption":"Omniblog"},"image":{"@id":"http:\/\/omnia.alte-messe-bistum-speyer.de\/#\/schema\/logo\/image\/"}},{"@type":"Person","@id":"http:\/\/omnia.alte-messe-bistum-speyer.de\/#\/schema\/person\/f541313e5005fba6ea4b73092e894370","name":"michael","image":{"@type":"ImageObject","inLanguage":"de","@id":"http:\/\/omnia.alte-messe-bistum-speyer.de\/#\/schema\/person\/image\/","url":"https:\/\/secure.gravatar.com\/avatar\/628fc1e28cd3cb7f4bc24dc0226dff79d4105570d38e57124f0d8c38985f05aa?s=96&d=identicon&r=g","contentUrl":"https:\/\/secure.gravatar.com\/avatar\/628fc1e28cd3cb7f4bc24dc0226dff79d4105570d38e57124f0d8c38985f05aa?s=96&d=identicon&r=g","caption":"michael"},"sameAs":["http:\/\/www.omnia-instaurare-in-christo.de"],"url":"http:\/\/omnia.alte-messe-bistum-speyer.de\/?author=2"}]}},"_links":{"self":[{"href":"http:\/\/omnia.alte-messe-bistum-speyer.de\/index.php?rest_route=\/wp\/v2\/posts\/3807","targetHints":{"allow":["GET"]}}],"collection":[{"href":"http:\/\/omnia.alte-messe-bistum-speyer.de\/index.php?rest_route=\/wp\/v2\/posts"}],"about":[{"href":"http:\/\/omnia.alte-messe-bistum-speyer.de\/index.php?rest_route=\/wp\/v2\/types\/post"}],"author":[{"embeddable":true,"href":"http:\/\/omnia.alte-messe-bistum-speyer.de\/index.php?rest_route=\/wp\/v2\/users\/2"}],"replies":[{"embeddable":true,"href":"http:\/\/omnia.alte-messe-bistum-speyer.de\/index.php?rest_route=%2Fwp%2Fv2%2Fcomments&post=3807"}],"version-history":[{"count":1,"href":"http:\/\/omnia.alte-messe-bistum-speyer.de\/index.php?rest_route=\/wp\/v2\/posts\/3807\/revisions"}],"predecessor-version":[{"id":3808,"href":"http:\/\/omnia.alte-messe-bistum-speyer.de\/index.php?rest_route=\/wp\/v2\/posts\/3807\/revisions\/3808"}],"wp:attachment":[{"href":"http:\/\/omnia.alte-messe-bistum-speyer.de\/index.php?rest_route=%2Fwp%2Fv2%2Fmedia&parent=3807"}],"wp:term":[{"taxonomy":"category","embeddable":true,"href":"http:\/\/omnia.alte-messe-bistum-speyer.de\/index.php?rest_route=%2Fwp%2Fv2%2Fcategories&post=3807"},{"taxonomy":"post_tag","embeddable":true,"href":"http:\/\/omnia.alte-messe-bistum-speyer.de\/index.php?rest_route=%2Fwp%2Fv2%2Ftags&post=3807"}],"curies":[{"name":"wp","href":"https:\/\/api.w.org\/{rel}","templated":true}]}}