{"id":3835,"date":"2020-02-28T07:09:31","date_gmt":"2020-02-28T05:09:31","guid":{"rendered":"http:\/\/omnia.alte-messe-bistum-speyer.de\/?p=3835"},"modified":"2020-02-28T07:09:31","modified_gmt":"2020-02-28T05:09:31","slug":"exodus90-day-43-will-to-do-the-ridiculous","status":"publish","type":"post","link":"http:\/\/omnia.alte-messe-bistum-speyer.de\/?p=3835","title":{"rendered":"Exodus90: Day 43: Will to do the Ridiculous"},"content":{"rendered":"\n<h2 class=\"wp-block-heading\">Day 43: Will to do the Ridiculous  <\/h2>\n\n\n\n<p>T\u00e4gliche Peilungen:\nWoche 7<br>\n<br>\nSie befinden sich in der rauen, gebirgigen W\u00fcste\nam Fu\u00dfe des Sinai.<br>\n<br>\nDas Geschenk der neu gewonnenen\nFreiheit ist f\u00fcr die Israeliten in den Tiefen des Roten Meeres\ngewonnen worden. Nun hat der Herr sein Volk zum Fu\u00df des Sinai\ngef\u00fchrt. Auf dem Gipfel dieses Berges wird er mit Moses sprechen und\nihm den Fahrplan geben, der ihm und den Israeliten die Freiheit f\u00fcr\nimmer zu sichern verspricht.<br>\n<br>\nSie haben es bis zur 7. Woche\ngeschafft. Diese Woche markiert die Halbzeit dieser geistlichen\n\u00dcbung. Herzlichen Gl\u00fcckwunsch! Wie nie zuvor haben Sie sich von den\nG\u00f6tzen Ihres fr\u00fcheren Lebens gel\u00f6st und halten weiterhin den\nFahrplan Christi zur Freiheit in Ihren H\u00e4nden: Gebet, Askese und\nBr\u00fcderlichkeit. Wenn Sie diesen Fahrplan jetzt wegwerfen, verlieren\nSie das Geschenk der Freiheit selbst. Es liegt noch Arbeit vor uns.\nIhr altes Leben mag hinter Ihnen liegen, aber neue Gewohnheiten\nbrauchen noch viel Zeit, um sich zu\nentwickeln.<br>\n<br>\nAktionspunkte<br>\n<br>\n1.\tEhre deine heilige\nStunde. Gott hat so viel mit Ihnen zu teilen. Er w\u00fcnscht, sein\neigenes Selbst mit Ihnen zu teilen. Geben Sie ihm jeden Tag im Gebet\nZeit. Ausreden zu erfinden und zu sagen, er sei unsere Zeit nicht\nwert, ist eine Beleidigung Gottes selbst. Er liebt uns so sehr und\nverdient so viel mehr von uns als unsere Ausreden.<br>\n<br>\n2.\nGehen Sie zur Quelle. &#8222;Die Eucharistie ist die Quelle und der\nH\u00f6hepunkt des christlichen Lebens&#8220; (KKK 1324). Wie ist es Ihnen\ngelungen, eine zus\u00e4tzliche Messe pro Woche zu besuchen? Wenn Sie\nsich nicht zu einer zus\u00e4tzlichen Begegnung mit Jesus Christus in der\nEucharistie pro Woche verpflichtet haben, fragen Sie sich, warum. Die\nFreiheit kommt von Gott allein. Planen Sie ab heute die Zeit f\u00fcr die\nTeilnahme an einer zus\u00e4tzlichen Messe pro Woche ein.<br>\n<br>\n3.\nMachen Sie Ihre n\u00e4chtliche Pr\u00fcfung weiterhin mit Sorgfalt. Wenn Sie\ndie n\u00e4chtliche Gewissenserforschung erfolgreich durchgef\u00fchrt haben,\nwerden Sie die Freiheit und den Erfolg, die Gott Ihnen bisher gew\u00e4hrt\nhat, zu bemerken beginnen. Wenn Sie keine n\u00e4chtliche Pr\u00fcfung\ndurchgef\u00fchrt haben, sieht Ihr pers\u00f6nlicher Erfolg am Tag 91 bereits\nd\u00fcster aus. Beginnen Sie jetzt, Ihr Gewissen n\u00e4chtlich und\nsorgf\u00e4ltig zu pr\u00fcfen. (Eine Erkl\u00e4rung, wie Sie eine n\u00e4chtliche\nGewissenserforschung durchf\u00fchren k\u00f6nnen, finden Sie unter &#8222;Wie\nman eine n\u00e4chtliche Untersuchung durchf\u00fchrt&#8220; im\nFeldf\u00fchrer).<br>\n<br>\n4. Bleiben Sie fr\u00f6hlich. Letzte Woche hat\nder Herr Sie \u00fcber das Rote Meer aus \u00c4gypten befreit. In dieser\nWoche haben Sie die H\u00e4lfte der Zeit \u00fcberschritten. Es gibt viel,\nwof\u00fcr man dankbar sein kann. Es gibt viel Freude, die man haben\nkann. Leben Sie in dieser Freude, damit andere sehen und erkennen,\ndass Gott die Menschen aktiv zu mehr Freiheit f\u00fchrt.<br>\n<br>\nBeten\nSie, dass der Herr Ihnen und Ihrer Bruderschaft Befreiung\ngew\u00e4hrt.<br>\n<br>\nBeten Sie um Freiheit f\u00fcr alle Menschen im\nExodus, so wie sie auch f\u00fcr Sie beten.<br>\n<br>\nVater unser \u2026<\/p>\n\n\n\n<p>Exodus 17:8\u201316 \n<\/p>\n\n\n\n<p>Da\nr\u00fcckten die Amalekiter heran und k\u00e4mpften bei Rephidim gegen die\nIsraeliten. Moses wandte sich an Josua: &#8222;Suche uns M\u00e4nner aus,\nziehe aus und k\u00e4mpfe morgen gegen die Amalekiter! Ich will mich aber\nauf den Gipfel der Anh\u00f6he stellen, den Gottesstab in meiner Hand.&#8220;\nJosua tat, wie Moses ihm geboten hatte. Er zog in den Kampf gegen\nAmalek. Moses, Aaron und Chur stiegen aber auf den Gipfel der Anh\u00f6he.\n Solange Moses nun seine H\u00e4nde erhob, obsiegte Israel; sobald er\naber seine H\u00e4nde sinken lie\u00df, waren die Amalekiter \u00fcberlegen. Doch\nMoses&#8216; H\u00e4nde ermatteten; deshalb nahm man einen Stein und schob ihn\nunter ihn. Er setzte sich darauf, Aaron und Chur aber st\u00fctzten seine\nH\u00e4nde, einer von dieser Seite, der andere von jener; so blieben denn\nseine H\u00e4nde unbeweglich, bis die Sonne unterging. So besiegte Josua\nAmalek und sein Kriegsvolk mit der Sch\u00e4rfe des Schwertes.<br>\n<br>\nDer\nHerr sagte zu Moses: &#8222;Schreibe dies zum Ged\u00e4chtnis in eine\nBuchrolle und pr\u00e4ge es dem Josua fest ein! Denn ich will vertilgen,\nja vertilgen will ich unter dem Himmel das Andenken an Amalek.&#8220; \nMoses aber baute einen Altar und nannte ihn &#8222;Der Herr ist mein\nBanner&#8220;. Er sprach: &#8222;Auf, die Hand an das Banner des Herrn!\nStreit hat der Herr mit Amalek von Geschlecht zu Geschlecht!&#8220;<\/p>\n\n\n\n<p>Reflexion<br>\n<br>\nAmalek\nverweigert den Israeliten den Durchzug in das gelobte Land. Sie haben\nes auf sich genommen, sich dem g\u00f6ttlichen Willen zu widersetzen, ein\nsicherer Akt des Stolzes. Hier bietet der heilige Augustinus eine\ngewisse Weisheit an: Stolz &#8222;wird ein Hindernis f\u00fcr die Dinge\noben und ein Vermittler f\u00fcr die Dinge unten&#8220;. \u00dcberlegen Sie,\nwie Sie das in Ihrem eigenen Leben anwenden k\u00f6nnen.<br>\n<br>\nMit\nder heiligen Tugend der Demut bewaffnet, \u00fcberwacht Moses den Kampf\nmit erhobenen H\u00e4nden, um Israels Sieg zu sichern, w\u00e4hrend Josua die\nTruppen antreibt. Amalek ist stark und kriegsbereit, mit allem, was\nsie brauchen, um die Israeliten zu besiegen. Doch das tun sie nicht.\nWarum nicht? Weil Moses bereit ist, in v\u00f6lligem Gehorsam zu handeln.\nEr ist dem\u00fctig genug, um sich Gottes Plan zu unterwerfen, egal wie\nunzusammenh\u00e4ngend Gottes Eingebungen in der Sache erscheinen oder\nwie fehlgeleitet sein Gehorsam ihn vor anderen erscheinen l\u00e4sst.\nMose l\u00e4sst seine H\u00e4nde zu Gott erhoben. Im Gegenzug verschafft Gott\nseinem Volk einen gro\u00dfen Sieg.<br>\n<br>\nWenn Sie sich mit der\nTugend der Demut bewaffnen, ist Gottes Triumph durch Sie praktisch\ngesichert. Aber wenn Sie sich von der Vorstellung l\u00e4hmen lassen,\ndass Ihr Mut und Ihre Willenskraft Sie durchbringen, wird Ihr\nSchicksal dasselbe sein wie das von Amalek. Was verlangt der Herr von\nIhnen, das Sie als unzusammenh\u00e4ngend mit den konkreten Dingen\nempfinden? Was verlangt er von Ihnen, das Sie nicht bereit sind, in\ndem\u00fctigem Gehorsam zu tun? Sprechen Sie heute mit ihm dar\u00fcber. Er\nk\u00f6nnte Ihnen etwas offenbaren, von dem Sie nicht einmal wussten,\ndass Sie es aus Stolz subtil ablehnen.<\/p>\n","protected":false},"excerpt":{"rendered":"<p>Day 43: Will to do the Ridiculous T\u00e4gliche Peilungen: Woche 7 Sie befinden sich in der rauen, gebirgigen W\u00fcste am Fu\u00dfe des Sinai. Das Geschenk der neu gewonnenen Freiheit ist f\u00fcr die Israeliten in den Tiefen des Roten Meeres gewonnen worden. Nun hat der Herr sein Volk zum Fu\u00df des Sinai gef\u00fchrt. Auf dem Gipfel &hellip; <a href=\"http:\/\/omnia.alte-messe-bistum-speyer.de\/?p=3835\" class=\"more-link\"><span class=\"screen-reader-text\">Exodus90: Day 43: Will to do the Ridiculous<\/span> weiterlesen<\/a><\/p>\n","protected":false},"author":2,"featured_media":0,"comment_status":"closed","ping_status":"closed","sticky":false,"template":"","format":"standard","meta":{"footnotes":""},"categories":[330],"tags":[336,331],"class_list":["post-3835","post","type-post","status-publish","format-standard","hentry","category-exodus90","tag-demut","tag-exodus90"],"yoast_head":"<!-- This site is optimized with the Yoast SEO plugin v25.8 - https:\/\/yoast.com\/wordpress\/plugins\/seo\/ -->\n<title>Exodus90: Day 43: Will to do the Ridiculous - OmniBlog<\/title>\n<meta name=\"robots\" content=\"index, follow, max-snippet:-1, max-image-preview:large, max-video-preview:-1\" \/>\n<link rel=\"canonical\" href=\"http:\/\/omnia.alte-messe-bistum-speyer.de\/?p=3835\" \/>\n<meta property=\"og:locale\" content=\"de_DE\" \/>\n<meta property=\"og:type\" content=\"article\" \/>\n<meta property=\"og:title\" content=\"Exodus90: Day 43: Will to do the Ridiculous - OmniBlog\" \/>\n<meta property=\"og:description\" content=\"Day 43: Will to do the Ridiculous T\u00e4gliche Peilungen: Woche 7 Sie befinden sich in der rauen, gebirgigen W\u00fcste am Fu\u00dfe des Sinai. Das Geschenk der neu gewonnenen Freiheit ist f\u00fcr die Israeliten in den Tiefen des Roten Meeres gewonnen worden. Nun hat der Herr sein Volk zum Fu\u00df des Sinai gef\u00fchrt. Auf dem Gipfel &hellip; Exodus90: Day 43: Will to do the Ridiculous weiterlesen\" \/>\n<meta property=\"og:url\" content=\"http:\/\/omnia.alte-messe-bistum-speyer.de\/?p=3835\" \/>\n<meta property=\"og:site_name\" content=\"OmniBlog\" \/>\n<meta property=\"article:published_time\" content=\"2020-02-28T05:09:31+00:00\" \/>\n<meta name=\"author\" content=\"michael\" \/>\n<meta name=\"twitter:card\" content=\"summary_large_image\" \/>\n<meta name=\"twitter:label1\" content=\"Verfasst von\" \/>\n\t<meta name=\"twitter:data1\" content=\"michael\" \/>\n\t<meta name=\"twitter:label2\" content=\"Gesch\u00e4tzte Lesezeit\" \/>\n\t<meta name=\"twitter:data2\" content=\"5\u00a0Minuten\" \/>\n<script type=\"application\/ld+json\" class=\"yoast-schema-graph\">{\"@context\":\"https:\/\/schema.org\",\"@graph\":[{\"@type\":\"Article\",\"@id\":\"http:\/\/omnia.alte-messe-bistum-speyer.de\/?p=3835#article\",\"isPartOf\":{\"@id\":\"http:\/\/omnia.alte-messe-bistum-speyer.de\/?p=3835\"},\"author\":{\"name\":\"michael\",\"@id\":\"http:\/\/omnia.alte-messe-bistum-speyer.de\/#\/schema\/person\/f541313e5005fba6ea4b73092e894370\"},\"headline\":\"Exodus90: Day 43: Will to do the Ridiculous\",\"datePublished\":\"2020-02-28T05:09:31+00:00\",\"mainEntityOfPage\":{\"@id\":\"http:\/\/omnia.alte-messe-bistum-speyer.de\/?p=3835\"},\"wordCount\":1016,\"publisher\":{\"@id\":\"http:\/\/omnia.alte-messe-bistum-speyer.de\/#organization\"},\"keywords\":[\"Demut\",\"Exodus90\"],\"articleSection\":[\"Exodus90\"],\"inLanguage\":\"de\"},{\"@type\":\"WebPage\",\"@id\":\"http:\/\/omnia.alte-messe-bistum-speyer.de\/?p=3835\",\"url\":\"http:\/\/omnia.alte-messe-bistum-speyer.de\/?p=3835\",\"name\":\"Exodus90: Day 43: Will to do the Ridiculous - OmniBlog\",\"isPartOf\":{\"@id\":\"http:\/\/omnia.alte-messe-bistum-speyer.de\/#website\"},\"datePublished\":\"2020-02-28T05:09:31+00:00\",\"breadcrumb\":{\"@id\":\"http:\/\/omnia.alte-messe-bistum-speyer.de\/?p=3835#breadcrumb\"},\"inLanguage\":\"de\",\"potentialAction\":[{\"@type\":\"ReadAction\",\"target\":[\"http:\/\/omnia.alte-messe-bistum-speyer.de\/?p=3835\"]}]},{\"@type\":\"BreadcrumbList\",\"@id\":\"http:\/\/omnia.alte-messe-bistum-speyer.de\/?p=3835#breadcrumb\",\"itemListElement\":[{\"@type\":\"ListItem\",\"position\":1,\"name\":\"Startseite\",\"item\":\"http:\/\/omnia.alte-messe-bistum-speyer.de\/\"},{\"@type\":\"ListItem\",\"position\":2,\"name\":\"Exodus90: Day 43: Will to do the Ridiculous\"}]},{\"@type\":\"WebSite\",\"@id\":\"http:\/\/omnia.alte-messe-bistum-speyer.de\/#website\",\"url\":\"http:\/\/omnia.alte-messe-bistum-speyer.de\/\",\"name\":\"OmniBlog\",\"description\":\"Katholischer Glaube - Christliche Werte\",\"publisher\":{\"@id\":\"http:\/\/omnia.alte-messe-bistum-speyer.de\/#organization\"},\"potentialAction\":[{\"@type\":\"SearchAction\",\"target\":{\"@type\":\"EntryPoint\",\"urlTemplate\":\"http:\/\/omnia.alte-messe-bistum-speyer.de\/?s={search_term_string}\"},\"query-input\":{\"@type\":\"PropertyValueSpecification\",\"valueRequired\":true,\"valueName\":\"search_term_string\"}}],\"inLanguage\":\"de\"},{\"@type\":\"Organization\",\"@id\":\"http:\/\/omnia.alte-messe-bistum-speyer.de\/#organization\",\"name\":\"Omniblog\",\"url\":\"http:\/\/omnia.alte-messe-bistum-speyer.de\/\",\"logo\":{\"@type\":\"ImageObject\",\"inLanguage\":\"de\",\"@id\":\"http:\/\/omnia.alte-messe-bistum-speyer.de\/#\/schema\/logo\/image\/\",\"url\":\"http:\/\/omnia.alte-messe-bistum-speyer.de\/wp-content\/uploads\/2020\/03\/HL.Messe_.png\",\"contentUrl\":\"http:\/\/omnia.alte-messe-bistum-speyer.de\/wp-content\/uploads\/2020\/03\/HL.Messe_.png\",\"width\":487,\"height\":666,\"caption\":\"Omniblog\"},\"image\":{\"@id\":\"http:\/\/omnia.alte-messe-bistum-speyer.de\/#\/schema\/logo\/image\/\"}},{\"@type\":\"Person\",\"@id\":\"http:\/\/omnia.alte-messe-bistum-speyer.de\/#\/schema\/person\/f541313e5005fba6ea4b73092e894370\",\"name\":\"michael\",\"image\":{\"@type\":\"ImageObject\",\"inLanguage\":\"de\",\"@id\":\"http:\/\/omnia.alte-messe-bistum-speyer.de\/#\/schema\/person\/image\/\",\"url\":\"https:\/\/secure.gravatar.com\/avatar\/628fc1e28cd3cb7f4bc24dc0226dff79d4105570d38e57124f0d8c38985f05aa?s=96&d=identicon&r=g\",\"contentUrl\":\"https:\/\/secure.gravatar.com\/avatar\/628fc1e28cd3cb7f4bc24dc0226dff79d4105570d38e57124f0d8c38985f05aa?s=96&d=identicon&r=g\",\"caption\":\"michael\"},\"sameAs\":[\"http:\/\/www.omnia-instaurare-in-christo.de\"],\"url\":\"http:\/\/omnia.alte-messe-bistum-speyer.de\/?author=2\"}]}<\/script>\n<!-- \/ Yoast SEO plugin. -->","yoast_head_json":{"title":"Exodus90: Day 43: Will to do the Ridiculous - OmniBlog","robots":{"index":"index","follow":"follow","max-snippet":"max-snippet:-1","max-image-preview":"max-image-preview:large","max-video-preview":"max-video-preview:-1"},"canonical":"http:\/\/omnia.alte-messe-bistum-speyer.de\/?p=3835","og_locale":"de_DE","og_type":"article","og_title":"Exodus90: Day 43: Will to do the Ridiculous - OmniBlog","og_description":"Day 43: Will to do the Ridiculous T\u00e4gliche Peilungen: Woche 7 Sie befinden sich in der rauen, gebirgigen W\u00fcste am Fu\u00dfe des Sinai. Das Geschenk der neu gewonnenen Freiheit ist f\u00fcr die Israeliten in den Tiefen des Roten Meeres gewonnen worden. Nun hat der Herr sein Volk zum Fu\u00df des Sinai gef\u00fchrt. Auf dem Gipfel &hellip; Exodus90: Day 43: Will to do the Ridiculous weiterlesen","og_url":"http:\/\/omnia.alte-messe-bistum-speyer.de\/?p=3835","og_site_name":"OmniBlog","article_published_time":"2020-02-28T05:09:31+00:00","author":"michael","twitter_card":"summary_large_image","twitter_misc":{"Verfasst von":"michael","Gesch\u00e4tzte Lesezeit":"5\u00a0Minuten"},"schema":{"@context":"https:\/\/schema.org","@graph":[{"@type":"Article","@id":"http:\/\/omnia.alte-messe-bistum-speyer.de\/?p=3835#article","isPartOf":{"@id":"http:\/\/omnia.alte-messe-bistum-speyer.de\/?p=3835"},"author":{"name":"michael","@id":"http:\/\/omnia.alte-messe-bistum-speyer.de\/#\/schema\/person\/f541313e5005fba6ea4b73092e894370"},"headline":"Exodus90: Day 43: Will to do the Ridiculous","datePublished":"2020-02-28T05:09:31+00:00","mainEntityOfPage":{"@id":"http:\/\/omnia.alte-messe-bistum-speyer.de\/?p=3835"},"wordCount":1016,"publisher":{"@id":"http:\/\/omnia.alte-messe-bistum-speyer.de\/#organization"},"keywords":["Demut","Exodus90"],"articleSection":["Exodus90"],"inLanguage":"de"},{"@type":"WebPage","@id":"http:\/\/omnia.alte-messe-bistum-speyer.de\/?p=3835","url":"http:\/\/omnia.alte-messe-bistum-speyer.de\/?p=3835","name":"Exodus90: Day 43: Will to do the Ridiculous - OmniBlog","isPartOf":{"@id":"http:\/\/omnia.alte-messe-bistum-speyer.de\/#website"},"datePublished":"2020-02-28T05:09:31+00:00","breadcrumb":{"@id":"http:\/\/omnia.alte-messe-bistum-speyer.de\/?p=3835#breadcrumb"},"inLanguage":"de","potentialAction":[{"@type":"ReadAction","target":["http:\/\/omnia.alte-messe-bistum-speyer.de\/?p=3835"]}]},{"@type":"BreadcrumbList","@id":"http:\/\/omnia.alte-messe-bistum-speyer.de\/?p=3835#breadcrumb","itemListElement":[{"@type":"ListItem","position":1,"name":"Startseite","item":"http:\/\/omnia.alte-messe-bistum-speyer.de\/"},{"@type":"ListItem","position":2,"name":"Exodus90: Day 43: Will to do the Ridiculous"}]},{"@type":"WebSite","@id":"http:\/\/omnia.alte-messe-bistum-speyer.de\/#website","url":"http:\/\/omnia.alte-messe-bistum-speyer.de\/","name":"OmniBlog","description":"Katholischer Glaube - Christliche Werte","publisher":{"@id":"http:\/\/omnia.alte-messe-bistum-speyer.de\/#organization"},"potentialAction":[{"@type":"SearchAction","target":{"@type":"EntryPoint","urlTemplate":"http:\/\/omnia.alte-messe-bistum-speyer.de\/?s={search_term_string}"},"query-input":{"@type":"PropertyValueSpecification","valueRequired":true,"valueName":"search_term_string"}}],"inLanguage":"de"},{"@type":"Organization","@id":"http:\/\/omnia.alte-messe-bistum-speyer.de\/#organization","name":"Omniblog","url":"http:\/\/omnia.alte-messe-bistum-speyer.de\/","logo":{"@type":"ImageObject","inLanguage":"de","@id":"http:\/\/omnia.alte-messe-bistum-speyer.de\/#\/schema\/logo\/image\/","url":"http:\/\/omnia.alte-messe-bistum-speyer.de\/wp-content\/uploads\/2020\/03\/HL.Messe_.png","contentUrl":"http:\/\/omnia.alte-messe-bistum-speyer.de\/wp-content\/uploads\/2020\/03\/HL.Messe_.png","width":487,"height":666,"caption":"Omniblog"},"image":{"@id":"http:\/\/omnia.alte-messe-bistum-speyer.de\/#\/schema\/logo\/image\/"}},{"@type":"Person","@id":"http:\/\/omnia.alte-messe-bistum-speyer.de\/#\/schema\/person\/f541313e5005fba6ea4b73092e894370","name":"michael","image":{"@type":"ImageObject","inLanguage":"de","@id":"http:\/\/omnia.alte-messe-bistum-speyer.de\/#\/schema\/person\/image\/","url":"https:\/\/secure.gravatar.com\/avatar\/628fc1e28cd3cb7f4bc24dc0226dff79d4105570d38e57124f0d8c38985f05aa?s=96&d=identicon&r=g","contentUrl":"https:\/\/secure.gravatar.com\/avatar\/628fc1e28cd3cb7f4bc24dc0226dff79d4105570d38e57124f0d8c38985f05aa?s=96&d=identicon&r=g","caption":"michael"},"sameAs":["http:\/\/www.omnia-instaurare-in-christo.de"],"url":"http:\/\/omnia.alte-messe-bistum-speyer.de\/?author=2"}]}},"_links":{"self":[{"href":"http:\/\/omnia.alte-messe-bistum-speyer.de\/index.php?rest_route=\/wp\/v2\/posts\/3835","targetHints":{"allow":["GET"]}}],"collection":[{"href":"http:\/\/omnia.alte-messe-bistum-speyer.de\/index.php?rest_route=\/wp\/v2\/posts"}],"about":[{"href":"http:\/\/omnia.alte-messe-bistum-speyer.de\/index.php?rest_route=\/wp\/v2\/types\/post"}],"author":[{"embeddable":true,"href":"http:\/\/omnia.alte-messe-bistum-speyer.de\/index.php?rest_route=\/wp\/v2\/users\/2"}],"replies":[{"embeddable":true,"href":"http:\/\/omnia.alte-messe-bistum-speyer.de\/index.php?rest_route=%2Fwp%2Fv2%2Fcomments&post=3835"}],"version-history":[{"count":1,"href":"http:\/\/omnia.alte-messe-bistum-speyer.de\/index.php?rest_route=\/wp\/v2\/posts\/3835\/revisions"}],"predecessor-version":[{"id":3836,"href":"http:\/\/omnia.alte-messe-bistum-speyer.de\/index.php?rest_route=\/wp\/v2\/posts\/3835\/revisions\/3836"}],"wp:attachment":[{"href":"http:\/\/omnia.alte-messe-bistum-speyer.de\/index.php?rest_route=%2Fwp%2Fv2%2Fmedia&parent=3835"}],"wp:term":[{"taxonomy":"category","embeddable":true,"href":"http:\/\/omnia.alte-messe-bistum-speyer.de\/index.php?rest_route=%2Fwp%2Fv2%2Fcategories&post=3835"},{"taxonomy":"post_tag","embeddable":true,"href":"http:\/\/omnia.alte-messe-bistum-speyer.de\/index.php?rest_route=%2Fwp%2Fv2%2Ftags&post=3835"}],"curies":[{"name":"wp","href":"https:\/\/api.w.org\/{rel}","templated":true}]}}