{"id":815,"date":"2011-11-23T22:39:22","date_gmt":"2011-11-23T20:39:22","guid":{"rendered":"http:\/\/omnia.alte-messe-bistum-speyer.de\/?p=815"},"modified":"2018-04-16T13:08:29","modified_gmt":"2018-04-16T11:08:29","slug":"katholische-religion-und-die-moden","status":"publish","type":"post","link":"http:\/\/omnia.alte-messe-bistum-speyer.de\/?p=815","title":{"rendered":"Katholische Religion und die Moden"},"content":{"rendered":"<p><img loading=\"lazy\" decoding=\"async\" class=\"alignleft\" src=\"http:\/\/www.hotelmorgana.com\/img\/italy-vatican-museum.jpg\" alt=\"\" width=\"291\" height=\"232\" \/>Viele Menschen sind in die alberne Gewohnheit verfallen, Orthodoxie ( die katholische Religion) f\u00fcr etwas Schwerf\u00e4lliges, Langweiliges und Gefahrloses zu halten. Aber nie gab es etwas Riskanteres und Packenderes als sie. Sie war der gesunde Verstand &#8211; und bei Verstand zu sein ist dramatischer, als verr\u00fcckt zu sein.<\/p>\n<p>Sie war das Gleichgewicht eines von wild galoppierenden Pferden gezogenen Wagenlenkers, der sich hierhin zu beugen und dorthin zu neigen scheint, aber in jeder Lage die Anmut der Statue und die Genauigkeit der Arithmetik wahrt. In der Fr\u00fchzeit geriet die Kirche bei jedem Schlachtross v\u00f6llig au\u00dfer sich; dennoch ist es einfach unhistorisch zu behaupten, sie sei nur von einer <em>einzigen Idee<\/em> besessen gewesen, wie der gew\u00f6hnliche Fanatismus. Sie schwenkte nach links und rechts aus, gerade als wollte sie gewaltigen Hindernissen ausweichen.<\/p>\n<p>Sie machte einen Bogen um den Riesenleib des Arianismus, weil er das Christentum im Verein mit allen weltlichen M\u00e4chten zu sehr verweltlichen wollte; und im n\u00e4chsten Augenblick einen Schlenker um den Orientalismus, weil er es zu sehr entweltlicht h\u00e4tte. Nie ging die orthodoxe (katholische) Kirche den einfachen Weg oder beugte sich den Konventionen; nie war sie <em>wohlanst\u00e4ndig<\/em>.<\/p>\n<p>Es w\u00e4re leichter gewesen, die irdische Macht der Arianer zu akzeptieren. Es w\u00e4re leicht gewesen, im calvinistischen 17. Jahrhundert in die bodenlose Grube der Pr\u00e4destination zu fallen. Es ist leicht, ein Verr\u00fcckter, und leicht, ein H\u00e4retiker zu sein. Es ist immer leicht, der Epoche ihren Kopf zu lassen; schwer ist es, den eigenen zu bewahren. Es ist immer leicht, ein <em>Modernist <\/em>zu sein genauso wie ein Snob.<\/p>\n<p>In die eine oder andere dieser offenen Fallgruben des Irrtums und der \u00dcbertreibung zu geraten, mit denen alle Moden und alle Sekten den historischen Weg der Christenheit ges\u00e4umt haben &#8211; das w\u00e4re doch einfach gewesen. Fallen ist immer einfach; es gibt unz\u00e4hlige Punkte, wo man f\u00e4llt, aber nur einen, wo man steht. In die eine oder andere der vielen Moden von der Gnosis bis zur Christian Science zu verfallen &#8211; das w\u00e4re doch nahe liegend und gefahrlos gewesen.<\/p>\n<p>Aber sie alle umgangen zu haben, das war ein einziges wirbelndes Abenteuer. Und so sehe ich den himmlischen Streitwagen mit Donnern durch die Zeiten st\u00fcrmen: W\u00e4hrend die kraftlosen Ketzereien am Boden hingestreckt liegen, steht die ungest\u00fcme Wahrheit schwankend, aber aufrecht.<\/p>\n<blockquote><p>Aus: G.K. Chesterton: Orthodoxie, Abschnitt VI: Die Paradoxa des Christentums<\/p><\/blockquote>\n","protected":false},"excerpt":{"rendered":"<p>Viele Menschen sind in die alberne Gewohnheit verfallen, Orthodoxie ( die katholische Religion) f\u00fcr etwas Schwerf\u00e4lliges, Langweiliges und Gefahrloses zu halten. Aber nie gab es etwas Riskanteres und Packenderes als sie. Sie war der gesunde Verstand &#8211; und bei Verstand zu sein ist dramatischer, als verr\u00fcckt zu sein. Sie war das Gleichgewicht eines von wild &hellip; <a href=\"http:\/\/omnia.alte-messe-bistum-speyer.de\/?p=815\" class=\"more-link\"><span class=\"screen-reader-text\">Katholische Religion und die Moden<\/span> weiterlesen<\/a><\/p>\n","protected":false},"author":2,"featured_media":0,"comment_status":"open","ping_status":"open","sticky":false,"template":"","format":"standard","meta":{"footnotes":""},"categories":[8],"tags":[128,124],"class_list":["post-815","post","type-post","status-publish","format-standard","hentry","category-zitate","tag-chesterton","tag-katholische-kirche"],"yoast_head":"<!-- This site is optimized with the Yoast SEO plugin v25.8 - https:\/\/yoast.com\/wordpress\/plugins\/seo\/ -->\n<title>Katholische Religion und die Moden - OmniBlog<\/title>\n<meta name=\"robots\" content=\"index, follow, max-snippet:-1, max-image-preview:large, max-video-preview:-1\" \/>\n<link rel=\"canonical\" href=\"http:\/\/omnia.alte-messe-bistum-speyer.de\/?p=815\" \/>\n<meta property=\"og:locale\" content=\"de_DE\" \/>\n<meta property=\"og:type\" content=\"article\" \/>\n<meta property=\"og:title\" content=\"Katholische Religion und die Moden - OmniBlog\" \/>\n<meta property=\"og:description\" content=\"Viele Menschen sind in die alberne Gewohnheit verfallen, Orthodoxie ( die katholische Religion) f\u00fcr etwas Schwerf\u00e4lliges, Langweiliges und Gefahrloses zu halten. Aber nie gab es etwas Riskanteres und Packenderes als sie. Sie war der gesunde Verstand &#8211; und bei Verstand zu sein ist dramatischer, als verr\u00fcckt zu sein. Sie war das Gleichgewicht eines von wild &hellip; Katholische Religion und die Moden weiterlesen\" \/>\n<meta property=\"og:url\" content=\"http:\/\/omnia.alte-messe-bistum-speyer.de\/?p=815\" \/>\n<meta property=\"og:site_name\" content=\"OmniBlog\" \/>\n<meta property=\"article:published_time\" content=\"2011-11-23T20:39:22+00:00\" \/>\n<meta property=\"article:modified_time\" content=\"2018-04-16T11:08:29+00:00\" \/>\n<meta property=\"og:image\" content=\"http:\/\/www.hotelmorgana.com\/img\/italy-vatican-museum.jpg\" \/>\n<meta name=\"author\" content=\"michael\" \/>\n<meta name=\"twitter:card\" content=\"summary_large_image\" \/>\n<meta name=\"twitter:label1\" content=\"Verfasst von\" \/>\n\t<meta name=\"twitter:data1\" content=\"michael\" \/>\n\t<meta name=\"twitter:label2\" content=\"Gesch\u00e4tzte Lesezeit\" \/>\n\t<meta name=\"twitter:data2\" content=\"2\u00a0Minuten\" \/>\n<script type=\"application\/ld+json\" class=\"yoast-schema-graph\">{\"@context\":\"https:\/\/schema.org\",\"@graph\":[{\"@type\":\"Article\",\"@id\":\"http:\/\/omnia.alte-messe-bistum-speyer.de\/?p=815#article\",\"isPartOf\":{\"@id\":\"http:\/\/omnia.alte-messe-bistum-speyer.de\/?p=815\"},\"author\":{\"name\":\"michael\",\"@id\":\"http:\/\/omnia.alte-messe-bistum-speyer.de\/#\/schema\/person\/f541313e5005fba6ea4b73092e894370\"},\"headline\":\"Katholische Religion und die Moden\",\"datePublished\":\"2011-11-23T20:39:22+00:00\",\"dateModified\":\"2018-04-16T11:08:29+00:00\",\"mainEntityOfPage\":{\"@id\":\"http:\/\/omnia.alte-messe-bistum-speyer.de\/?p=815\"},\"wordCount\":409,\"commentCount\":0,\"publisher\":{\"@id\":\"http:\/\/omnia.alte-messe-bistum-speyer.de\/#organization\"},\"image\":{\"@id\":\"http:\/\/omnia.alte-messe-bistum-speyer.de\/?p=815#primaryimage\"},\"thumbnailUrl\":\"http:\/\/www.hotelmorgana.com\/img\/italy-vatican-museum.jpg\",\"keywords\":[\"Chesterton\",\"katholische Kirche\"],\"articleSection\":[\"Zitate\"],\"inLanguage\":\"de\",\"potentialAction\":[{\"@type\":\"CommentAction\",\"name\":\"Comment\",\"target\":[\"http:\/\/omnia.alte-messe-bistum-speyer.de\/?p=815#respond\"]}]},{\"@type\":\"WebPage\",\"@id\":\"http:\/\/omnia.alte-messe-bistum-speyer.de\/?p=815\",\"url\":\"http:\/\/omnia.alte-messe-bistum-speyer.de\/?p=815\",\"name\":\"Katholische Religion und die Moden - OmniBlog\",\"isPartOf\":{\"@id\":\"http:\/\/omnia.alte-messe-bistum-speyer.de\/#website\"},\"primaryImageOfPage\":{\"@id\":\"http:\/\/omnia.alte-messe-bistum-speyer.de\/?p=815#primaryimage\"},\"image\":{\"@id\":\"http:\/\/omnia.alte-messe-bistum-speyer.de\/?p=815#primaryimage\"},\"thumbnailUrl\":\"http:\/\/www.hotelmorgana.com\/img\/italy-vatican-museum.jpg\",\"datePublished\":\"2011-11-23T20:39:22+00:00\",\"dateModified\":\"2018-04-16T11:08:29+00:00\",\"breadcrumb\":{\"@id\":\"http:\/\/omnia.alte-messe-bistum-speyer.de\/?p=815#breadcrumb\"},\"inLanguage\":\"de\",\"potentialAction\":[{\"@type\":\"ReadAction\",\"target\":[\"http:\/\/omnia.alte-messe-bistum-speyer.de\/?p=815\"]}]},{\"@type\":\"ImageObject\",\"inLanguage\":\"de\",\"@id\":\"http:\/\/omnia.alte-messe-bistum-speyer.de\/?p=815#primaryimage\",\"url\":\"http:\/\/www.hotelmorgana.com\/img\/italy-vatican-museum.jpg\",\"contentUrl\":\"http:\/\/www.hotelmorgana.com\/img\/italy-vatican-museum.jpg\"},{\"@type\":\"BreadcrumbList\",\"@id\":\"http:\/\/omnia.alte-messe-bistum-speyer.de\/?p=815#breadcrumb\",\"itemListElement\":[{\"@type\":\"ListItem\",\"position\":1,\"name\":\"Startseite\",\"item\":\"http:\/\/omnia.alte-messe-bistum-speyer.de\/\"},{\"@type\":\"ListItem\",\"position\":2,\"name\":\"Katholische Religion und die Moden\"}]},{\"@type\":\"WebSite\",\"@id\":\"http:\/\/omnia.alte-messe-bistum-speyer.de\/#website\",\"url\":\"http:\/\/omnia.alte-messe-bistum-speyer.de\/\",\"name\":\"OmniBlog\",\"description\":\"Katholischer Glaube - Christliche Werte\",\"publisher\":{\"@id\":\"http:\/\/omnia.alte-messe-bistum-speyer.de\/#organization\"},\"potentialAction\":[{\"@type\":\"SearchAction\",\"target\":{\"@type\":\"EntryPoint\",\"urlTemplate\":\"http:\/\/omnia.alte-messe-bistum-speyer.de\/?s={search_term_string}\"},\"query-input\":{\"@type\":\"PropertyValueSpecification\",\"valueRequired\":true,\"valueName\":\"search_term_string\"}}],\"inLanguage\":\"de\"},{\"@type\":\"Organization\",\"@id\":\"http:\/\/omnia.alte-messe-bistum-speyer.de\/#organization\",\"name\":\"Omniblog\",\"url\":\"http:\/\/omnia.alte-messe-bistum-speyer.de\/\",\"logo\":{\"@type\":\"ImageObject\",\"inLanguage\":\"de\",\"@id\":\"http:\/\/omnia.alte-messe-bistum-speyer.de\/#\/schema\/logo\/image\/\",\"url\":\"http:\/\/omnia.alte-messe-bistum-speyer.de\/wp-content\/uploads\/2020\/03\/HL.Messe_.png\",\"contentUrl\":\"http:\/\/omnia.alte-messe-bistum-speyer.de\/wp-content\/uploads\/2020\/03\/HL.Messe_.png\",\"width\":487,\"height\":666,\"caption\":\"Omniblog\"},\"image\":{\"@id\":\"http:\/\/omnia.alte-messe-bistum-speyer.de\/#\/schema\/logo\/image\/\"}},{\"@type\":\"Person\",\"@id\":\"http:\/\/omnia.alte-messe-bistum-speyer.de\/#\/schema\/person\/f541313e5005fba6ea4b73092e894370\",\"name\":\"michael\",\"image\":{\"@type\":\"ImageObject\",\"inLanguage\":\"de\",\"@id\":\"http:\/\/omnia.alte-messe-bistum-speyer.de\/#\/schema\/person\/image\/\",\"url\":\"https:\/\/secure.gravatar.com\/avatar\/628fc1e28cd3cb7f4bc24dc0226dff79d4105570d38e57124f0d8c38985f05aa?s=96&d=identicon&r=g\",\"contentUrl\":\"https:\/\/secure.gravatar.com\/avatar\/628fc1e28cd3cb7f4bc24dc0226dff79d4105570d38e57124f0d8c38985f05aa?s=96&d=identicon&r=g\",\"caption\":\"michael\"},\"sameAs\":[\"http:\/\/www.omnia-instaurare-in-christo.de\"],\"url\":\"http:\/\/omnia.alte-messe-bistum-speyer.de\/?author=2\"}]}<\/script>\n<!-- \/ Yoast SEO plugin. -->","yoast_head_json":{"title":"Katholische Religion und die Moden - OmniBlog","robots":{"index":"index","follow":"follow","max-snippet":"max-snippet:-1","max-image-preview":"max-image-preview:large","max-video-preview":"max-video-preview:-1"},"canonical":"http:\/\/omnia.alte-messe-bistum-speyer.de\/?p=815","og_locale":"de_DE","og_type":"article","og_title":"Katholische Religion und die Moden - OmniBlog","og_description":"Viele Menschen sind in die alberne Gewohnheit verfallen, Orthodoxie ( die katholische Religion) f\u00fcr etwas Schwerf\u00e4lliges, Langweiliges und Gefahrloses zu halten. Aber nie gab es etwas Riskanteres und Packenderes als sie. Sie war der gesunde Verstand &#8211; und bei Verstand zu sein ist dramatischer, als verr\u00fcckt zu sein. Sie war das Gleichgewicht eines von wild &hellip; Katholische Religion und die Moden weiterlesen","og_url":"http:\/\/omnia.alte-messe-bistum-speyer.de\/?p=815","og_site_name":"OmniBlog","article_published_time":"2011-11-23T20:39:22+00:00","article_modified_time":"2018-04-16T11:08:29+00:00","og_image":[{"url":"http:\/\/www.hotelmorgana.com\/img\/italy-vatican-museum.jpg","type":"","width":"","height":""}],"author":"michael","twitter_card":"summary_large_image","twitter_misc":{"Verfasst von":"michael","Gesch\u00e4tzte Lesezeit":"2\u00a0Minuten"},"schema":{"@context":"https:\/\/schema.org","@graph":[{"@type":"Article","@id":"http:\/\/omnia.alte-messe-bistum-speyer.de\/?p=815#article","isPartOf":{"@id":"http:\/\/omnia.alte-messe-bistum-speyer.de\/?p=815"},"author":{"name":"michael","@id":"http:\/\/omnia.alte-messe-bistum-speyer.de\/#\/schema\/person\/f541313e5005fba6ea4b73092e894370"},"headline":"Katholische Religion und die Moden","datePublished":"2011-11-23T20:39:22+00:00","dateModified":"2018-04-16T11:08:29+00:00","mainEntityOfPage":{"@id":"http:\/\/omnia.alte-messe-bistum-speyer.de\/?p=815"},"wordCount":409,"commentCount":0,"publisher":{"@id":"http:\/\/omnia.alte-messe-bistum-speyer.de\/#organization"},"image":{"@id":"http:\/\/omnia.alte-messe-bistum-speyer.de\/?p=815#primaryimage"},"thumbnailUrl":"http:\/\/www.hotelmorgana.com\/img\/italy-vatican-museum.jpg","keywords":["Chesterton","katholische Kirche"],"articleSection":["Zitate"],"inLanguage":"de","potentialAction":[{"@type":"CommentAction","name":"Comment","target":["http:\/\/omnia.alte-messe-bistum-speyer.de\/?p=815#respond"]}]},{"@type":"WebPage","@id":"http:\/\/omnia.alte-messe-bistum-speyer.de\/?p=815","url":"http:\/\/omnia.alte-messe-bistum-speyer.de\/?p=815","name":"Katholische Religion und die Moden - OmniBlog","isPartOf":{"@id":"http:\/\/omnia.alte-messe-bistum-speyer.de\/#website"},"primaryImageOfPage":{"@id":"http:\/\/omnia.alte-messe-bistum-speyer.de\/?p=815#primaryimage"},"image":{"@id":"http:\/\/omnia.alte-messe-bistum-speyer.de\/?p=815#primaryimage"},"thumbnailUrl":"http:\/\/www.hotelmorgana.com\/img\/italy-vatican-museum.jpg","datePublished":"2011-11-23T20:39:22+00:00","dateModified":"2018-04-16T11:08:29+00:00","breadcrumb":{"@id":"http:\/\/omnia.alte-messe-bistum-speyer.de\/?p=815#breadcrumb"},"inLanguage":"de","potentialAction":[{"@type":"ReadAction","target":["http:\/\/omnia.alte-messe-bistum-speyer.de\/?p=815"]}]},{"@type":"ImageObject","inLanguage":"de","@id":"http:\/\/omnia.alte-messe-bistum-speyer.de\/?p=815#primaryimage","url":"http:\/\/www.hotelmorgana.com\/img\/italy-vatican-museum.jpg","contentUrl":"http:\/\/www.hotelmorgana.com\/img\/italy-vatican-museum.jpg"},{"@type":"BreadcrumbList","@id":"http:\/\/omnia.alte-messe-bistum-speyer.de\/?p=815#breadcrumb","itemListElement":[{"@type":"ListItem","position":1,"name":"Startseite","item":"http:\/\/omnia.alte-messe-bistum-speyer.de\/"},{"@type":"ListItem","position":2,"name":"Katholische Religion und die Moden"}]},{"@type":"WebSite","@id":"http:\/\/omnia.alte-messe-bistum-speyer.de\/#website","url":"http:\/\/omnia.alte-messe-bistum-speyer.de\/","name":"OmniBlog","description":"Katholischer Glaube - Christliche Werte","publisher":{"@id":"http:\/\/omnia.alte-messe-bistum-speyer.de\/#organization"},"potentialAction":[{"@type":"SearchAction","target":{"@type":"EntryPoint","urlTemplate":"http:\/\/omnia.alte-messe-bistum-speyer.de\/?s={search_term_string}"},"query-input":{"@type":"PropertyValueSpecification","valueRequired":true,"valueName":"search_term_string"}}],"inLanguage":"de"},{"@type":"Organization","@id":"http:\/\/omnia.alte-messe-bistum-speyer.de\/#organization","name":"Omniblog","url":"http:\/\/omnia.alte-messe-bistum-speyer.de\/","logo":{"@type":"ImageObject","inLanguage":"de","@id":"http:\/\/omnia.alte-messe-bistum-speyer.de\/#\/schema\/logo\/image\/","url":"http:\/\/omnia.alte-messe-bistum-speyer.de\/wp-content\/uploads\/2020\/03\/HL.Messe_.png","contentUrl":"http:\/\/omnia.alte-messe-bistum-speyer.de\/wp-content\/uploads\/2020\/03\/HL.Messe_.png","width":487,"height":666,"caption":"Omniblog"},"image":{"@id":"http:\/\/omnia.alte-messe-bistum-speyer.de\/#\/schema\/logo\/image\/"}},{"@type":"Person","@id":"http:\/\/omnia.alte-messe-bistum-speyer.de\/#\/schema\/person\/f541313e5005fba6ea4b73092e894370","name":"michael","image":{"@type":"ImageObject","inLanguage":"de","@id":"http:\/\/omnia.alte-messe-bistum-speyer.de\/#\/schema\/person\/image\/","url":"https:\/\/secure.gravatar.com\/avatar\/628fc1e28cd3cb7f4bc24dc0226dff79d4105570d38e57124f0d8c38985f05aa?s=96&d=identicon&r=g","contentUrl":"https:\/\/secure.gravatar.com\/avatar\/628fc1e28cd3cb7f4bc24dc0226dff79d4105570d38e57124f0d8c38985f05aa?s=96&d=identicon&r=g","caption":"michael"},"sameAs":["http:\/\/www.omnia-instaurare-in-christo.de"],"url":"http:\/\/omnia.alte-messe-bistum-speyer.de\/?author=2"}]}},"_links":{"self":[{"href":"http:\/\/omnia.alte-messe-bistum-speyer.de\/index.php?rest_route=\/wp\/v2\/posts\/815","targetHints":{"allow":["GET"]}}],"collection":[{"href":"http:\/\/omnia.alte-messe-bistum-speyer.de\/index.php?rest_route=\/wp\/v2\/posts"}],"about":[{"href":"http:\/\/omnia.alte-messe-bistum-speyer.de\/index.php?rest_route=\/wp\/v2\/types\/post"}],"author":[{"embeddable":true,"href":"http:\/\/omnia.alte-messe-bistum-speyer.de\/index.php?rest_route=\/wp\/v2\/users\/2"}],"replies":[{"embeddable":true,"href":"http:\/\/omnia.alte-messe-bistum-speyer.de\/index.php?rest_route=%2Fwp%2Fv2%2Fcomments&post=815"}],"version-history":[{"count":8,"href":"http:\/\/omnia.alte-messe-bistum-speyer.de\/index.php?rest_route=\/wp\/v2\/posts\/815\/revisions"}],"predecessor-version":[{"id":1097,"href":"http:\/\/omnia.alte-messe-bistum-speyer.de\/index.php?rest_route=\/wp\/v2\/posts\/815\/revisions\/1097"}],"wp:attachment":[{"href":"http:\/\/omnia.alte-messe-bistum-speyer.de\/index.php?rest_route=%2Fwp%2Fv2%2Fmedia&parent=815"}],"wp:term":[{"taxonomy":"category","embeddable":true,"href":"http:\/\/omnia.alte-messe-bistum-speyer.de\/index.php?rest_route=%2Fwp%2Fv2%2Fcategories&post=815"},{"taxonomy":"post_tag","embeddable":true,"href":"http:\/\/omnia.alte-messe-bistum-speyer.de\/index.php?rest_route=%2Fwp%2Fv2%2Ftags&post=815"}],"curies":[{"name":"wp","href":"https:\/\/api.w.org\/{rel}","templated":true}]}}