{"id":852,"date":"2011-09-01T09:44:36","date_gmt":"2011-09-01T07:44:36","guid":{"rendered":"http:\/\/omnia.alte-messe-bistum-speyer.de\/?p=852"},"modified":"2011-09-28T08:26:23","modified_gmt":"2011-09-28T06:26:23","slug":"eine-frage-der-barmherzigkeit","status":"publish","type":"post","link":"http:\/\/omnia.alte-messe-bistum-speyer.de\/?p=852","title":{"rendered":"Eine Frage der Barmherzigkeit?"},"content":{"rendered":"<address><a href=\"http:\/\/omnia.alte-messe-bistum-speyer.de\/wp-content\/uploads\/2011\/09\/rz.09.2011.jpg\"><img loading=\"lazy\" decoding=\"async\" class=\"alignleft size-medium wp-image-858\" title=\"rz.09.2011\" src=\"http:\/\/omnia.alte-messe-bistum-speyer.de\/wp-content\/uploads\/2011\/09\/rz.09.2011-175x300.jpg\" alt=\"\" width=\"175\" height=\"300\" srcset=\"http:\/\/omnia.alte-messe-bistum-speyer.de\/wp-content\/uploads\/2011\/09\/rz.09.2011-175x300.jpg 175w, http:\/\/omnia.alte-messe-bistum-speyer.de\/wp-content\/uploads\/2011\/09\/rz.09.2011.jpg 240w\" sizes=\"auto, (max-width: 175px) 100vw, 175px\" \/><\/a>&lt;&lt;Der Vorsitzende der katholischen Deutschen Bischofskonferenz, Robert Zollitsch, rechnet mit Reformen seiner Kirche im Umgang mit wiederverheirateten Geschiedenen. &#8222;Das ist eine Frage der Barmherzigkeit&#8220;, sagte Zollitsch im Interview mit der <a href=\"http:\/\/www.zeit.de\/gesellschaft\/familie\/2011-08\/zollitsch-katholiken\">ZEIT<\/a>&gt;&gt;<\/address>\n<p>&nbsp;<\/p>\n<p>Das w\u00fcrde mich mal interessieren wie das mit der Barmherzigkeit gemeint ist. So spontan f\u00e4llt mir ein: dass vielleicht\u00a0 jeder Katholik einen &#8222;Freischuss&#8220; bekommt, oder zwei oder drei ? Oder eine &#8222;Es ist nichts passiert!&#8220; &#8211; Versicherung, die bei der Eheschlie\u00dfung gleich mit vereinbart werden kann? &#8211; Vielleicht einen Bonus f\u00fcr Prominente oder Staatsm\u00e4nner, da er ja unseren Bundespr\u00e4sidenten als unter der kath. Knute leidend m\u00e4rtyrisiert.<\/p>\n<p>&nbsp;<\/p>\n<p>Alles absurd: Wie kann denn die Kirche eine Wiederverheiratung angesichts der direkten Entscheidung Jesu Christi (vergl. Lk 16,18) erlauben. Oder w\u00e4re es nicht absurd vor dem Traualtar eine Vertragsklausel zu akzeptieren, die die einseitige willk\u00fcrliche Endlichkeit der Liebe besiegelt &#8211; Das w\u00e4re nicht die volle wahre Liebe, die sich Eheleute einander versprechen, sondern eine erb\u00e4rmliche seichte Farce! Und dann noch die Sache mit den Prominenten; das gab es schon immer. Hierbei sollte der Vorsitzende mal nachlesen, dass es wie im Beispiel Heinrich VIII von England nicht bei der Zweiten blieb (Es waren 6!).<\/p>\n<p>Des weiteren f\u00fchle ich mich als Christ beleidigt, wenn man mir das Parteiprogramm der Gr\u00fcnen nahelegt: &#8220; Die Gr\u00fcnen&#8220;, so wird der Vorsitzende zitiert, &#8220; seien eine Partei, in der viele Christen sich beheimatet f\u00fchlen&#8220;.<\/p>\n<p>Meint er etwa die &#8222;Gr\u00fcnen&#8220; die unter anderem<\/p>\n<ul>\n<li>die  rechtliche Gleichstellung gleichgeschlechtlicher  Lebensgemeinschaften  mit der Ehe einschlie\u00dflich Adoptionsrecht fordern<\/li>\n<li>f\u00fcr die  Gleichbehandlung jedweder &#8222;sexuellen Identit\u00e4t&#8220;, f\u00fcr die  Beibehaltung  und Ausweitung des momentan g\u00fcltigen  Abtreibungsparagraphen k\u00e4mpfen<\/li>\n<li>f\u00fcr die  Krippenbetreuung von Kleinstkindern und damit die weitgehende  Abschaffung der traditionellen Familie im Sinne einer totalit\u00e4ren sozialistischen Gesellschaft wollen<\/li>\n<\/ul>\n<p>Jeder, der sich hierin beheimatet f\u00fchlt, sollte sich mal \u00fcber seinen Glauben Gedanken machen und diesen kritisch mit dem Katechismus vergleichen (und nicht anders herum).<\/p>\n","protected":false},"excerpt":{"rendered":"<p>&lt;&lt;Der Vorsitzende der katholischen Deutschen Bischofskonferenz, Robert Zollitsch, rechnet mit Reformen seiner Kirche im Umgang mit wiederverheirateten Geschiedenen. &#8222;Das ist eine Frage der Barmherzigkeit&#8220;, sagte Zollitsch im Interview mit der ZEIT&gt;&gt; &nbsp; Das w\u00fcrde mich mal interessieren wie das mit der Barmherzigkeit gemeint ist. So spontan f\u00e4llt mir ein: dass vielleicht\u00a0 jeder Katholik einen &#8222;Freischuss&#8220; &hellip; <a href=\"http:\/\/omnia.alte-messe-bistum-speyer.de\/?p=852\" class=\"more-link\"><span class=\"screen-reader-text\">Eine Frage der Barmherzigkeit?<\/span> weiterlesen<\/a><\/p>\n","protected":false},"author":2,"featured_media":0,"comment_status":"open","ping_status":"open","sticky":false,"template":"","format":"standard","meta":{"footnotes":""},"categories":[3],"tags":[146,148,147],"class_list":["post-852","post","type-post","status-publish","format-standard","hentry","category-bewegendes","tag-eherecht","tag-eucharistiefeier","tag-wiederverheiratete"],"yoast_head":"<!-- This site is optimized with the Yoast SEO plugin v25.8 - https:\/\/yoast.com\/wordpress\/plugins\/seo\/ -->\n<title>Eine Frage der Barmherzigkeit? - OmniBlog<\/title>\n<meta name=\"robots\" content=\"index, follow, max-snippet:-1, max-image-preview:large, max-video-preview:-1\" \/>\n<link rel=\"canonical\" href=\"http:\/\/omnia.alte-messe-bistum-speyer.de\/?p=852\" \/>\n<meta property=\"og:locale\" content=\"de_DE\" \/>\n<meta property=\"og:type\" content=\"article\" \/>\n<meta property=\"og:title\" content=\"Eine Frage der Barmherzigkeit? - OmniBlog\" \/>\n<meta property=\"og:description\" content=\"&lt;&lt;Der Vorsitzende der katholischen Deutschen Bischofskonferenz, Robert Zollitsch, rechnet mit Reformen seiner Kirche im Umgang mit wiederverheirateten Geschiedenen. &#8222;Das ist eine Frage der Barmherzigkeit&#8220;, sagte Zollitsch im Interview mit der ZEIT&gt;&gt; &nbsp; Das w\u00fcrde mich mal interessieren wie das mit der Barmherzigkeit gemeint ist. So spontan f\u00e4llt mir ein: dass vielleicht\u00a0 jeder Katholik einen &#8222;Freischuss&#8220; &hellip; Eine Frage der Barmherzigkeit? weiterlesen\" \/>\n<meta property=\"og:url\" content=\"http:\/\/omnia.alte-messe-bistum-speyer.de\/?p=852\" \/>\n<meta property=\"og:site_name\" content=\"OmniBlog\" \/>\n<meta property=\"article:published_time\" content=\"2011-09-01T07:44:36+00:00\" \/>\n<meta property=\"article:modified_time\" content=\"2011-09-28T06:26:23+00:00\" \/>\n<meta property=\"og:image\" content=\"http:\/\/omnia.alte-messe-bistum-speyer.de\/wp-content\/uploads\/2011\/09\/rz.09.2011.jpg\" \/>\n\t<meta property=\"og:image:width\" content=\"240\" \/>\n\t<meta property=\"og:image:height\" content=\"410\" \/>\n\t<meta property=\"og:image:type\" content=\"image\/jpeg\" \/>\n<meta name=\"author\" content=\"michael\" \/>\n<meta name=\"twitter:card\" content=\"summary_large_image\" \/>\n<meta name=\"twitter:label1\" content=\"Verfasst von\" \/>\n\t<meta name=\"twitter:data1\" content=\"michael\" \/>\n\t<meta name=\"twitter:label2\" content=\"Gesch\u00e4tzte Lesezeit\" \/>\n\t<meta name=\"twitter:data2\" content=\"2\u00a0Minuten\" \/>\n<script type=\"application\/ld+json\" class=\"yoast-schema-graph\">{\"@context\":\"https:\/\/schema.org\",\"@graph\":[{\"@type\":\"Article\",\"@id\":\"http:\/\/omnia.alte-messe-bistum-speyer.de\/?p=852#article\",\"isPartOf\":{\"@id\":\"http:\/\/omnia.alte-messe-bistum-speyer.de\/?p=852\"},\"author\":{\"name\":\"michael\",\"@id\":\"http:\/\/omnia.alte-messe-bistum-speyer.de\/#\/schema\/person\/f541313e5005fba6ea4b73092e894370\"},\"headline\":\"Eine Frage der Barmherzigkeit?\",\"datePublished\":\"2011-09-01T07:44:36+00:00\",\"dateModified\":\"2011-09-28T06:26:23+00:00\",\"mainEntityOfPage\":{\"@id\":\"http:\/\/omnia.alte-messe-bistum-speyer.de\/?p=852\"},\"wordCount\":335,\"commentCount\":3,\"publisher\":{\"@id\":\"http:\/\/omnia.alte-messe-bistum-speyer.de\/#organization\"},\"image\":{\"@id\":\"http:\/\/omnia.alte-messe-bistum-speyer.de\/?p=852#primaryimage\"},\"thumbnailUrl\":\"http:\/\/omnia.alte-messe-bistum-speyer.de\/wp-content\/uploads\/2011\/09\/rz.09.2011-175x300.jpg\",\"keywords\":[\"Eherecht\",\"Eucharistiefeier\",\"wiederverheiratete\"],\"articleSection\":[\"Bewegendes\"],\"inLanguage\":\"de\",\"potentialAction\":[{\"@type\":\"CommentAction\",\"name\":\"Comment\",\"target\":[\"http:\/\/omnia.alte-messe-bistum-speyer.de\/?p=852#respond\"]}]},{\"@type\":\"WebPage\",\"@id\":\"http:\/\/omnia.alte-messe-bistum-speyer.de\/?p=852\",\"url\":\"http:\/\/omnia.alte-messe-bistum-speyer.de\/?p=852\",\"name\":\"Eine Frage der Barmherzigkeit? - OmniBlog\",\"isPartOf\":{\"@id\":\"http:\/\/omnia.alte-messe-bistum-speyer.de\/#website\"},\"primaryImageOfPage\":{\"@id\":\"http:\/\/omnia.alte-messe-bistum-speyer.de\/?p=852#primaryimage\"},\"image\":{\"@id\":\"http:\/\/omnia.alte-messe-bistum-speyer.de\/?p=852#primaryimage\"},\"thumbnailUrl\":\"http:\/\/omnia.alte-messe-bistum-speyer.de\/wp-content\/uploads\/2011\/09\/rz.09.2011-175x300.jpg\",\"datePublished\":\"2011-09-01T07:44:36+00:00\",\"dateModified\":\"2011-09-28T06:26:23+00:00\",\"breadcrumb\":{\"@id\":\"http:\/\/omnia.alte-messe-bistum-speyer.de\/?p=852#breadcrumb\"},\"inLanguage\":\"de\",\"potentialAction\":[{\"@type\":\"ReadAction\",\"target\":[\"http:\/\/omnia.alte-messe-bistum-speyer.de\/?p=852\"]}]},{\"@type\":\"ImageObject\",\"inLanguage\":\"de\",\"@id\":\"http:\/\/omnia.alte-messe-bistum-speyer.de\/?p=852#primaryimage\",\"url\":\"http:\/\/omnia.alte-messe-bistum-speyer.de\/wp-content\/uploads\/2011\/09\/rz.09.2011.jpg\",\"contentUrl\":\"http:\/\/omnia.alte-messe-bistum-speyer.de\/wp-content\/uploads\/2011\/09\/rz.09.2011.jpg\",\"width\":\"240\",\"height\":\"410\"},{\"@type\":\"BreadcrumbList\",\"@id\":\"http:\/\/omnia.alte-messe-bistum-speyer.de\/?p=852#breadcrumb\",\"itemListElement\":[{\"@type\":\"ListItem\",\"position\":1,\"name\":\"Startseite\",\"item\":\"http:\/\/omnia.alte-messe-bistum-speyer.de\/\"},{\"@type\":\"ListItem\",\"position\":2,\"name\":\"Eine Frage der Barmherzigkeit?\"}]},{\"@type\":\"WebSite\",\"@id\":\"http:\/\/omnia.alte-messe-bistum-speyer.de\/#website\",\"url\":\"http:\/\/omnia.alte-messe-bistum-speyer.de\/\",\"name\":\"OmniBlog\",\"description\":\"Katholischer Glaube - Christliche Werte\",\"publisher\":{\"@id\":\"http:\/\/omnia.alte-messe-bistum-speyer.de\/#organization\"},\"potentialAction\":[{\"@type\":\"SearchAction\",\"target\":{\"@type\":\"EntryPoint\",\"urlTemplate\":\"http:\/\/omnia.alte-messe-bistum-speyer.de\/?s={search_term_string}\"},\"query-input\":{\"@type\":\"PropertyValueSpecification\",\"valueRequired\":true,\"valueName\":\"search_term_string\"}}],\"inLanguage\":\"de\"},{\"@type\":\"Organization\",\"@id\":\"http:\/\/omnia.alte-messe-bistum-speyer.de\/#organization\",\"name\":\"Omniblog\",\"url\":\"http:\/\/omnia.alte-messe-bistum-speyer.de\/\",\"logo\":{\"@type\":\"ImageObject\",\"inLanguage\":\"de\",\"@id\":\"http:\/\/omnia.alte-messe-bistum-speyer.de\/#\/schema\/logo\/image\/\",\"url\":\"http:\/\/omnia.alte-messe-bistum-speyer.de\/wp-content\/uploads\/2020\/03\/HL.Messe_.png\",\"contentUrl\":\"http:\/\/omnia.alte-messe-bistum-speyer.de\/wp-content\/uploads\/2020\/03\/HL.Messe_.png\",\"width\":487,\"height\":666,\"caption\":\"Omniblog\"},\"image\":{\"@id\":\"http:\/\/omnia.alte-messe-bistum-speyer.de\/#\/schema\/logo\/image\/\"}},{\"@type\":\"Person\",\"@id\":\"http:\/\/omnia.alte-messe-bistum-speyer.de\/#\/schema\/person\/f541313e5005fba6ea4b73092e894370\",\"name\":\"michael\",\"image\":{\"@type\":\"ImageObject\",\"inLanguage\":\"de\",\"@id\":\"http:\/\/omnia.alte-messe-bistum-speyer.de\/#\/schema\/person\/image\/\",\"url\":\"https:\/\/secure.gravatar.com\/avatar\/628fc1e28cd3cb7f4bc24dc0226dff79d4105570d38e57124f0d8c38985f05aa?s=96&d=identicon&r=g\",\"contentUrl\":\"https:\/\/secure.gravatar.com\/avatar\/628fc1e28cd3cb7f4bc24dc0226dff79d4105570d38e57124f0d8c38985f05aa?s=96&d=identicon&r=g\",\"caption\":\"michael\"},\"sameAs\":[\"http:\/\/www.omnia-instaurare-in-christo.de\"],\"url\":\"http:\/\/omnia.alte-messe-bistum-speyer.de\/?author=2\"}]}<\/script>\n<!-- \/ Yoast SEO plugin. -->","yoast_head_json":{"title":"Eine Frage der Barmherzigkeit? - OmniBlog","robots":{"index":"index","follow":"follow","max-snippet":"max-snippet:-1","max-image-preview":"max-image-preview:large","max-video-preview":"max-video-preview:-1"},"canonical":"http:\/\/omnia.alte-messe-bistum-speyer.de\/?p=852","og_locale":"de_DE","og_type":"article","og_title":"Eine Frage der Barmherzigkeit? - OmniBlog","og_description":"&lt;&lt;Der Vorsitzende der katholischen Deutschen Bischofskonferenz, Robert Zollitsch, rechnet mit Reformen seiner Kirche im Umgang mit wiederverheirateten Geschiedenen. &#8222;Das ist eine Frage der Barmherzigkeit&#8220;, sagte Zollitsch im Interview mit der ZEIT&gt;&gt; &nbsp; Das w\u00fcrde mich mal interessieren wie das mit der Barmherzigkeit gemeint ist. So spontan f\u00e4llt mir ein: dass vielleicht\u00a0 jeder Katholik einen &#8222;Freischuss&#8220; &hellip; Eine Frage der Barmherzigkeit? weiterlesen","og_url":"http:\/\/omnia.alte-messe-bistum-speyer.de\/?p=852","og_site_name":"OmniBlog","article_published_time":"2011-09-01T07:44:36+00:00","article_modified_time":"2011-09-28T06:26:23+00:00","og_image":[{"width":240,"height":410,"url":"http:\/\/omnia.alte-messe-bistum-speyer.de\/wp-content\/uploads\/2011\/09\/rz.09.2011.jpg","type":"image\/jpeg"}],"author":"michael","twitter_card":"summary_large_image","twitter_misc":{"Verfasst von":"michael","Gesch\u00e4tzte Lesezeit":"2\u00a0Minuten"},"schema":{"@context":"https:\/\/schema.org","@graph":[{"@type":"Article","@id":"http:\/\/omnia.alte-messe-bistum-speyer.de\/?p=852#article","isPartOf":{"@id":"http:\/\/omnia.alte-messe-bistum-speyer.de\/?p=852"},"author":{"name":"michael","@id":"http:\/\/omnia.alte-messe-bistum-speyer.de\/#\/schema\/person\/f541313e5005fba6ea4b73092e894370"},"headline":"Eine Frage der Barmherzigkeit?","datePublished":"2011-09-01T07:44:36+00:00","dateModified":"2011-09-28T06:26:23+00:00","mainEntityOfPage":{"@id":"http:\/\/omnia.alte-messe-bistum-speyer.de\/?p=852"},"wordCount":335,"commentCount":3,"publisher":{"@id":"http:\/\/omnia.alte-messe-bistum-speyer.de\/#organization"},"image":{"@id":"http:\/\/omnia.alte-messe-bistum-speyer.de\/?p=852#primaryimage"},"thumbnailUrl":"http:\/\/omnia.alte-messe-bistum-speyer.de\/wp-content\/uploads\/2011\/09\/rz.09.2011-175x300.jpg","keywords":["Eherecht","Eucharistiefeier","wiederverheiratete"],"articleSection":["Bewegendes"],"inLanguage":"de","potentialAction":[{"@type":"CommentAction","name":"Comment","target":["http:\/\/omnia.alte-messe-bistum-speyer.de\/?p=852#respond"]}]},{"@type":"WebPage","@id":"http:\/\/omnia.alte-messe-bistum-speyer.de\/?p=852","url":"http:\/\/omnia.alte-messe-bistum-speyer.de\/?p=852","name":"Eine Frage der Barmherzigkeit? - OmniBlog","isPartOf":{"@id":"http:\/\/omnia.alte-messe-bistum-speyer.de\/#website"},"primaryImageOfPage":{"@id":"http:\/\/omnia.alte-messe-bistum-speyer.de\/?p=852#primaryimage"},"image":{"@id":"http:\/\/omnia.alte-messe-bistum-speyer.de\/?p=852#primaryimage"},"thumbnailUrl":"http:\/\/omnia.alte-messe-bistum-speyer.de\/wp-content\/uploads\/2011\/09\/rz.09.2011-175x300.jpg","datePublished":"2011-09-01T07:44:36+00:00","dateModified":"2011-09-28T06:26:23+00:00","breadcrumb":{"@id":"http:\/\/omnia.alte-messe-bistum-speyer.de\/?p=852#breadcrumb"},"inLanguage":"de","potentialAction":[{"@type":"ReadAction","target":["http:\/\/omnia.alte-messe-bistum-speyer.de\/?p=852"]}]},{"@type":"ImageObject","inLanguage":"de","@id":"http:\/\/omnia.alte-messe-bistum-speyer.de\/?p=852#primaryimage","url":"http:\/\/omnia.alte-messe-bistum-speyer.de\/wp-content\/uploads\/2011\/09\/rz.09.2011.jpg","contentUrl":"http:\/\/omnia.alte-messe-bistum-speyer.de\/wp-content\/uploads\/2011\/09\/rz.09.2011.jpg","width":"240","height":"410"},{"@type":"BreadcrumbList","@id":"http:\/\/omnia.alte-messe-bistum-speyer.de\/?p=852#breadcrumb","itemListElement":[{"@type":"ListItem","position":1,"name":"Startseite","item":"http:\/\/omnia.alte-messe-bistum-speyer.de\/"},{"@type":"ListItem","position":2,"name":"Eine Frage der Barmherzigkeit?"}]},{"@type":"WebSite","@id":"http:\/\/omnia.alte-messe-bistum-speyer.de\/#website","url":"http:\/\/omnia.alte-messe-bistum-speyer.de\/","name":"OmniBlog","description":"Katholischer Glaube - Christliche Werte","publisher":{"@id":"http:\/\/omnia.alte-messe-bistum-speyer.de\/#organization"},"potentialAction":[{"@type":"SearchAction","target":{"@type":"EntryPoint","urlTemplate":"http:\/\/omnia.alte-messe-bistum-speyer.de\/?s={search_term_string}"},"query-input":{"@type":"PropertyValueSpecification","valueRequired":true,"valueName":"search_term_string"}}],"inLanguage":"de"},{"@type":"Organization","@id":"http:\/\/omnia.alte-messe-bistum-speyer.de\/#organization","name":"Omniblog","url":"http:\/\/omnia.alte-messe-bistum-speyer.de\/","logo":{"@type":"ImageObject","inLanguage":"de","@id":"http:\/\/omnia.alte-messe-bistum-speyer.de\/#\/schema\/logo\/image\/","url":"http:\/\/omnia.alte-messe-bistum-speyer.de\/wp-content\/uploads\/2020\/03\/HL.Messe_.png","contentUrl":"http:\/\/omnia.alte-messe-bistum-speyer.de\/wp-content\/uploads\/2020\/03\/HL.Messe_.png","width":487,"height":666,"caption":"Omniblog"},"image":{"@id":"http:\/\/omnia.alte-messe-bistum-speyer.de\/#\/schema\/logo\/image\/"}},{"@type":"Person","@id":"http:\/\/omnia.alte-messe-bistum-speyer.de\/#\/schema\/person\/f541313e5005fba6ea4b73092e894370","name":"michael","image":{"@type":"ImageObject","inLanguage":"de","@id":"http:\/\/omnia.alte-messe-bistum-speyer.de\/#\/schema\/person\/image\/","url":"https:\/\/secure.gravatar.com\/avatar\/628fc1e28cd3cb7f4bc24dc0226dff79d4105570d38e57124f0d8c38985f05aa?s=96&d=identicon&r=g","contentUrl":"https:\/\/secure.gravatar.com\/avatar\/628fc1e28cd3cb7f4bc24dc0226dff79d4105570d38e57124f0d8c38985f05aa?s=96&d=identicon&r=g","caption":"michael"},"sameAs":["http:\/\/www.omnia-instaurare-in-christo.de"],"url":"http:\/\/omnia.alte-messe-bistum-speyer.de\/?author=2"}]}},"_links":{"self":[{"href":"http:\/\/omnia.alte-messe-bistum-speyer.de\/index.php?rest_route=\/wp\/v2\/posts\/852","targetHints":{"allow":["GET"]}}],"collection":[{"href":"http:\/\/omnia.alte-messe-bistum-speyer.de\/index.php?rest_route=\/wp\/v2\/posts"}],"about":[{"href":"http:\/\/omnia.alte-messe-bistum-speyer.de\/index.php?rest_route=\/wp\/v2\/types\/post"}],"author":[{"embeddable":true,"href":"http:\/\/omnia.alte-messe-bistum-speyer.de\/index.php?rest_route=\/wp\/v2\/users\/2"}],"replies":[{"embeddable":true,"href":"http:\/\/omnia.alte-messe-bistum-speyer.de\/index.php?rest_route=%2Fwp%2Fv2%2Fcomments&post=852"}],"version-history":[{"count":20,"href":"http:\/\/omnia.alte-messe-bistum-speyer.de\/index.php?rest_route=\/wp\/v2\/posts\/852\/revisions"}],"predecessor-version":[{"id":867,"href":"http:\/\/omnia.alte-messe-bistum-speyer.de\/index.php?rest_route=\/wp\/v2\/posts\/852\/revisions\/867"}],"wp:attachment":[{"href":"http:\/\/omnia.alte-messe-bistum-speyer.de\/index.php?rest_route=%2Fwp%2Fv2%2Fmedia&parent=852"}],"wp:term":[{"taxonomy":"category","embeddable":true,"href":"http:\/\/omnia.alte-messe-bistum-speyer.de\/index.php?rest_route=%2Fwp%2Fv2%2Fcategories&post=852"},{"taxonomy":"post_tag","embeddable":true,"href":"http:\/\/omnia.alte-messe-bistum-speyer.de\/index.php?rest_route=%2Fwp%2Fv2%2Ftags&post=852"}],"curies":[{"name":"wp","href":"https:\/\/api.w.org\/{rel}","templated":true}]}}