{"id":898,"date":"2011-09-25T21:56:40","date_gmt":"2011-09-25T19:56:40","guid":{"rendered":"http:\/\/omnia.alte-messe-bistum-speyer.de\/?p=898"},"modified":"2018-08-09T11:29:25","modified_gmt":"2018-08-09T09:29:25","slug":"entfesselte-tugenden","status":"publish","type":"post","link":"http:\/\/omnia.alte-messe-bistum-speyer.de\/?p=898","title":{"rendered":"Entfesselte Tugenden"},"content":{"rendered":"<p>Die moderne Welt ist nicht b\u00f6se; in mancher Hinsicht ist sie entschieden zu gut. Sie ist voll W\u00fcsten und vergeudeter Tugenden. Wenn ein religi\u00f6ses System zertr\u00fcmmert wird (wie das mit dem Christentum in der Reformation geschah), dann f\u00fchrt das nicht nur zu einer Entfesselung der Laster.<\/p>\n<p>Keine Frage, dass die Laster entfesselt werden; sie streifen umher und stiften Schaden. Aber auch die Tugenden werden entfesselt, und sie streifen noch haltloser umher und richten noch schrecklicheren Schaden an.<\/p>\n<p>Die heutige Welt steckt voll von alten christlichen Tugenden, die durchgedreht sind. Sie sind durchgedreht, weil sie auseinander gerissen wurden und allein umherstreifen.<\/p>\n<p>So k\u00fcmmert sich etwa die Wissenschaft um die Wahrheit; und ihre Wahrheit ist erbarmungslos. Und so interessiert sich die Philanthropie nur f\u00fcrs Erbarmen, und ihrem Erbarmen fehlt (so leid es mir tut, das sagen zu m\u00fcssen) oft die Wahrheit.<\/p>\n<p>Mr. Blatchford<a href=\"#_ftn1\">[1]<\/a> zum Beispiel greift das Christentum an, weil er verr\u00fcckt nach einer einzigen christlichen Tugend ist: der f\u00fcr sich genommen mystischen und fast irrationalen Tugend der Barmherzigkeit. Er hegt die merkw\u00fcrdige Vorstellung, da\u00df es leichter sei, S\u00fcnden zu vergeben, wenn man davon ausgeht, da\u00df es gar keine S\u00fcnden gibt, die vergeben werden m\u00fcssten.<\/p>\n<p>Mr. Blatchford ist nicht nur ein Vertreter des Fr\u00fchchristentums, er ist auch der einzige fr\u00fchchristliche Mensch, der es wirklich verdient h\u00e4tte, von den L\u00f6wen gefressen zu werden. Denn auf ihn trifft die heidnische Beschuldigung tats\u00e4chlich zu: seine Barmherzigkeit liefe auf schiere Anarchie hinaus. Er ist wirklich ein Feind der Menschheit &#8211; weil er so menschenfreundlich ist.<\/p>\n<address>Quelle: G.K. Chesterton: Orthodoxie, Abschnitt III. DER SELBSTMORD DES DENKENS<\/address>\n<div>\n<hr size=\"1\" \/>\n<div>\n<p><a href=\"#_ftnref1\">[1]<\/a> Robert Peel Glanville Blatchford (1851-1943), englischer Sozialreformer, Begr\u00fcnder der Manchester Fabian Society und Herausgeber des <em>Clarion. <\/em>Zu Chesterton und Blatchford vgl. das Nachwort von Philip Yancey.<\/p>\n<\/div>\n<\/div>\n","protected":false},"excerpt":{"rendered":"<p>Die moderne Welt ist nicht b\u00f6se; in mancher Hinsicht ist sie entschieden zu gut. Sie ist voll W\u00fcsten und vergeudeter Tugenden. Wenn ein religi\u00f6ses System zertr\u00fcmmert wird (wie das mit dem Christentum in der Reformation geschah), dann f\u00fchrt das nicht nur zu einer Entfesselung der Laster. Keine Frage, dass die Laster entfesselt werden; sie streifen &hellip; <a href=\"http:\/\/omnia.alte-messe-bistum-speyer.de\/?p=898\" class=\"more-link\"><span class=\"screen-reader-text\">Entfesselte Tugenden<\/span> weiterlesen<\/a><\/p>\n","protected":false},"author":2,"featured_media":0,"comment_status":"open","ping_status":"open","sticky":false,"template":"","format":"standard","meta":{"footnotes":""},"categories":[8],"tags":[128,139],"class_list":["post-898","post","type-post","status-publish","format-standard","hentry","category-zitate","tag-chesterton","tag-tugend"],"yoast_head":"<!-- This site is optimized with the Yoast SEO plugin v25.8 - https:\/\/yoast.com\/wordpress\/plugins\/seo\/ -->\n<title>Entfesselte Tugenden - OmniBlog<\/title>\n<meta name=\"robots\" content=\"index, follow, max-snippet:-1, max-image-preview:large, max-video-preview:-1\" \/>\n<link rel=\"canonical\" href=\"http:\/\/omnia.alte-messe-bistum-speyer.de\/?p=898\" \/>\n<meta property=\"og:locale\" content=\"de_DE\" \/>\n<meta property=\"og:type\" content=\"article\" \/>\n<meta property=\"og:title\" content=\"Entfesselte Tugenden - OmniBlog\" \/>\n<meta property=\"og:description\" content=\"Die moderne Welt ist nicht b\u00f6se; in mancher Hinsicht ist sie entschieden zu gut. Sie ist voll W\u00fcsten und vergeudeter Tugenden. Wenn ein religi\u00f6ses System zertr\u00fcmmert wird (wie das mit dem Christentum in der Reformation geschah), dann f\u00fchrt das nicht nur zu einer Entfesselung der Laster. Keine Frage, dass die Laster entfesselt werden; sie streifen &hellip; Entfesselte Tugenden weiterlesen\" \/>\n<meta property=\"og:url\" content=\"http:\/\/omnia.alte-messe-bistum-speyer.de\/?p=898\" \/>\n<meta property=\"og:site_name\" content=\"OmniBlog\" \/>\n<meta property=\"article:published_time\" content=\"2011-09-25T19:56:40+00:00\" \/>\n<meta property=\"article:modified_time\" content=\"2018-08-09T09:29:25+00:00\" \/>\n<meta name=\"author\" content=\"michael\" \/>\n<meta name=\"twitter:card\" content=\"summary_large_image\" \/>\n<meta name=\"twitter:label1\" content=\"Verfasst von\" \/>\n\t<meta name=\"twitter:data1\" content=\"michael\" \/>\n\t<meta name=\"twitter:label2\" content=\"Gesch\u00e4tzte Lesezeit\" \/>\n\t<meta name=\"twitter:data2\" content=\"2\u00a0Minuten\" \/>\n<script type=\"application\/ld+json\" class=\"yoast-schema-graph\">{\"@context\":\"https:\/\/schema.org\",\"@graph\":[{\"@type\":\"Article\",\"@id\":\"http:\/\/omnia.alte-messe-bistum-speyer.de\/?p=898#article\",\"isPartOf\":{\"@id\":\"http:\/\/omnia.alte-messe-bistum-speyer.de\/?p=898\"},\"author\":{\"name\":\"michael\",\"@id\":\"http:\/\/omnia.alte-messe-bistum-speyer.de\/#\/schema\/person\/f541313e5005fba6ea4b73092e894370\"},\"headline\":\"Entfesselte Tugenden\",\"datePublished\":\"2011-09-25T19:56:40+00:00\",\"dateModified\":\"2018-08-09T09:29:25+00:00\",\"mainEntityOfPage\":{\"@id\":\"http:\/\/omnia.alte-messe-bistum-speyer.de\/?p=898\"},\"wordCount\":308,\"commentCount\":1,\"publisher\":{\"@id\":\"http:\/\/omnia.alte-messe-bistum-speyer.de\/#organization\"},\"keywords\":[\"Chesterton\",\"Tugend\"],\"articleSection\":[\"Zitate\"],\"inLanguage\":\"de\",\"potentialAction\":[{\"@type\":\"CommentAction\",\"name\":\"Comment\",\"target\":[\"http:\/\/omnia.alte-messe-bistum-speyer.de\/?p=898#respond\"]}]},{\"@type\":\"WebPage\",\"@id\":\"http:\/\/omnia.alte-messe-bistum-speyer.de\/?p=898\",\"url\":\"http:\/\/omnia.alte-messe-bistum-speyer.de\/?p=898\",\"name\":\"Entfesselte Tugenden - OmniBlog\",\"isPartOf\":{\"@id\":\"http:\/\/omnia.alte-messe-bistum-speyer.de\/#website\"},\"datePublished\":\"2011-09-25T19:56:40+00:00\",\"dateModified\":\"2018-08-09T09:29:25+00:00\",\"breadcrumb\":{\"@id\":\"http:\/\/omnia.alte-messe-bistum-speyer.de\/?p=898#breadcrumb\"},\"inLanguage\":\"de\",\"potentialAction\":[{\"@type\":\"ReadAction\",\"target\":[\"http:\/\/omnia.alte-messe-bistum-speyer.de\/?p=898\"]}]},{\"@type\":\"BreadcrumbList\",\"@id\":\"http:\/\/omnia.alte-messe-bistum-speyer.de\/?p=898#breadcrumb\",\"itemListElement\":[{\"@type\":\"ListItem\",\"position\":1,\"name\":\"Startseite\",\"item\":\"http:\/\/omnia.alte-messe-bistum-speyer.de\/\"},{\"@type\":\"ListItem\",\"position\":2,\"name\":\"Entfesselte Tugenden\"}]},{\"@type\":\"WebSite\",\"@id\":\"http:\/\/omnia.alte-messe-bistum-speyer.de\/#website\",\"url\":\"http:\/\/omnia.alte-messe-bistum-speyer.de\/\",\"name\":\"OmniBlog\",\"description\":\"Katholischer Glaube - Christliche Werte\",\"publisher\":{\"@id\":\"http:\/\/omnia.alte-messe-bistum-speyer.de\/#organization\"},\"potentialAction\":[{\"@type\":\"SearchAction\",\"target\":{\"@type\":\"EntryPoint\",\"urlTemplate\":\"http:\/\/omnia.alte-messe-bistum-speyer.de\/?s={search_term_string}\"},\"query-input\":{\"@type\":\"PropertyValueSpecification\",\"valueRequired\":true,\"valueName\":\"search_term_string\"}}],\"inLanguage\":\"de\"},{\"@type\":\"Organization\",\"@id\":\"http:\/\/omnia.alte-messe-bistum-speyer.de\/#organization\",\"name\":\"Omniblog\",\"url\":\"http:\/\/omnia.alte-messe-bistum-speyer.de\/\",\"logo\":{\"@type\":\"ImageObject\",\"inLanguage\":\"de\",\"@id\":\"http:\/\/omnia.alte-messe-bistum-speyer.de\/#\/schema\/logo\/image\/\",\"url\":\"http:\/\/omnia.alte-messe-bistum-speyer.de\/wp-content\/uploads\/2020\/03\/HL.Messe_.png\",\"contentUrl\":\"http:\/\/omnia.alte-messe-bistum-speyer.de\/wp-content\/uploads\/2020\/03\/HL.Messe_.png\",\"width\":487,\"height\":666,\"caption\":\"Omniblog\"},\"image\":{\"@id\":\"http:\/\/omnia.alte-messe-bistum-speyer.de\/#\/schema\/logo\/image\/\"}},{\"@type\":\"Person\",\"@id\":\"http:\/\/omnia.alte-messe-bistum-speyer.de\/#\/schema\/person\/f541313e5005fba6ea4b73092e894370\",\"name\":\"michael\",\"image\":{\"@type\":\"ImageObject\",\"inLanguage\":\"de\",\"@id\":\"http:\/\/omnia.alte-messe-bistum-speyer.de\/#\/schema\/person\/image\/\",\"url\":\"https:\/\/secure.gravatar.com\/avatar\/628fc1e28cd3cb7f4bc24dc0226dff79d4105570d38e57124f0d8c38985f05aa?s=96&d=identicon&r=g\",\"contentUrl\":\"https:\/\/secure.gravatar.com\/avatar\/628fc1e28cd3cb7f4bc24dc0226dff79d4105570d38e57124f0d8c38985f05aa?s=96&d=identicon&r=g\",\"caption\":\"michael\"},\"sameAs\":[\"http:\/\/www.omnia-instaurare-in-christo.de\"],\"url\":\"http:\/\/omnia.alte-messe-bistum-speyer.de\/?author=2\"}]}<\/script>\n<!-- \/ Yoast SEO plugin. -->","yoast_head_json":{"title":"Entfesselte Tugenden - OmniBlog","robots":{"index":"index","follow":"follow","max-snippet":"max-snippet:-1","max-image-preview":"max-image-preview:large","max-video-preview":"max-video-preview:-1"},"canonical":"http:\/\/omnia.alte-messe-bistum-speyer.de\/?p=898","og_locale":"de_DE","og_type":"article","og_title":"Entfesselte Tugenden - OmniBlog","og_description":"Die moderne Welt ist nicht b\u00f6se; in mancher Hinsicht ist sie entschieden zu gut. Sie ist voll W\u00fcsten und vergeudeter Tugenden. Wenn ein religi\u00f6ses System zertr\u00fcmmert wird (wie das mit dem Christentum in der Reformation geschah), dann f\u00fchrt das nicht nur zu einer Entfesselung der Laster. Keine Frage, dass die Laster entfesselt werden; sie streifen &hellip; Entfesselte Tugenden weiterlesen","og_url":"http:\/\/omnia.alte-messe-bistum-speyer.de\/?p=898","og_site_name":"OmniBlog","article_published_time":"2011-09-25T19:56:40+00:00","article_modified_time":"2018-08-09T09:29:25+00:00","author":"michael","twitter_card":"summary_large_image","twitter_misc":{"Verfasst von":"michael","Gesch\u00e4tzte Lesezeit":"2\u00a0Minuten"},"schema":{"@context":"https:\/\/schema.org","@graph":[{"@type":"Article","@id":"http:\/\/omnia.alte-messe-bistum-speyer.de\/?p=898#article","isPartOf":{"@id":"http:\/\/omnia.alte-messe-bistum-speyer.de\/?p=898"},"author":{"name":"michael","@id":"http:\/\/omnia.alte-messe-bistum-speyer.de\/#\/schema\/person\/f541313e5005fba6ea4b73092e894370"},"headline":"Entfesselte Tugenden","datePublished":"2011-09-25T19:56:40+00:00","dateModified":"2018-08-09T09:29:25+00:00","mainEntityOfPage":{"@id":"http:\/\/omnia.alte-messe-bistum-speyer.de\/?p=898"},"wordCount":308,"commentCount":1,"publisher":{"@id":"http:\/\/omnia.alte-messe-bistum-speyer.de\/#organization"},"keywords":["Chesterton","Tugend"],"articleSection":["Zitate"],"inLanguage":"de","potentialAction":[{"@type":"CommentAction","name":"Comment","target":["http:\/\/omnia.alte-messe-bistum-speyer.de\/?p=898#respond"]}]},{"@type":"WebPage","@id":"http:\/\/omnia.alte-messe-bistum-speyer.de\/?p=898","url":"http:\/\/omnia.alte-messe-bistum-speyer.de\/?p=898","name":"Entfesselte Tugenden - OmniBlog","isPartOf":{"@id":"http:\/\/omnia.alte-messe-bistum-speyer.de\/#website"},"datePublished":"2011-09-25T19:56:40+00:00","dateModified":"2018-08-09T09:29:25+00:00","breadcrumb":{"@id":"http:\/\/omnia.alte-messe-bistum-speyer.de\/?p=898#breadcrumb"},"inLanguage":"de","potentialAction":[{"@type":"ReadAction","target":["http:\/\/omnia.alte-messe-bistum-speyer.de\/?p=898"]}]},{"@type":"BreadcrumbList","@id":"http:\/\/omnia.alte-messe-bistum-speyer.de\/?p=898#breadcrumb","itemListElement":[{"@type":"ListItem","position":1,"name":"Startseite","item":"http:\/\/omnia.alte-messe-bistum-speyer.de\/"},{"@type":"ListItem","position":2,"name":"Entfesselte Tugenden"}]},{"@type":"WebSite","@id":"http:\/\/omnia.alte-messe-bistum-speyer.de\/#website","url":"http:\/\/omnia.alte-messe-bistum-speyer.de\/","name":"OmniBlog","description":"Katholischer Glaube - Christliche Werte","publisher":{"@id":"http:\/\/omnia.alte-messe-bistum-speyer.de\/#organization"},"potentialAction":[{"@type":"SearchAction","target":{"@type":"EntryPoint","urlTemplate":"http:\/\/omnia.alte-messe-bistum-speyer.de\/?s={search_term_string}"},"query-input":{"@type":"PropertyValueSpecification","valueRequired":true,"valueName":"search_term_string"}}],"inLanguage":"de"},{"@type":"Organization","@id":"http:\/\/omnia.alte-messe-bistum-speyer.de\/#organization","name":"Omniblog","url":"http:\/\/omnia.alte-messe-bistum-speyer.de\/","logo":{"@type":"ImageObject","inLanguage":"de","@id":"http:\/\/omnia.alte-messe-bistum-speyer.de\/#\/schema\/logo\/image\/","url":"http:\/\/omnia.alte-messe-bistum-speyer.de\/wp-content\/uploads\/2020\/03\/HL.Messe_.png","contentUrl":"http:\/\/omnia.alte-messe-bistum-speyer.de\/wp-content\/uploads\/2020\/03\/HL.Messe_.png","width":487,"height":666,"caption":"Omniblog"},"image":{"@id":"http:\/\/omnia.alte-messe-bistum-speyer.de\/#\/schema\/logo\/image\/"}},{"@type":"Person","@id":"http:\/\/omnia.alte-messe-bistum-speyer.de\/#\/schema\/person\/f541313e5005fba6ea4b73092e894370","name":"michael","image":{"@type":"ImageObject","inLanguage":"de","@id":"http:\/\/omnia.alte-messe-bistum-speyer.de\/#\/schema\/person\/image\/","url":"https:\/\/secure.gravatar.com\/avatar\/628fc1e28cd3cb7f4bc24dc0226dff79d4105570d38e57124f0d8c38985f05aa?s=96&d=identicon&r=g","contentUrl":"https:\/\/secure.gravatar.com\/avatar\/628fc1e28cd3cb7f4bc24dc0226dff79d4105570d38e57124f0d8c38985f05aa?s=96&d=identicon&r=g","caption":"michael"},"sameAs":["http:\/\/www.omnia-instaurare-in-christo.de"],"url":"http:\/\/omnia.alte-messe-bistum-speyer.de\/?author=2"}]}},"_links":{"self":[{"href":"http:\/\/omnia.alte-messe-bistum-speyer.de\/index.php?rest_route=\/wp\/v2\/posts\/898","targetHints":{"allow":["GET"]}}],"collection":[{"href":"http:\/\/omnia.alte-messe-bistum-speyer.de\/index.php?rest_route=\/wp\/v2\/posts"}],"about":[{"href":"http:\/\/omnia.alte-messe-bistum-speyer.de\/index.php?rest_route=\/wp\/v2\/types\/post"}],"author":[{"embeddable":true,"href":"http:\/\/omnia.alte-messe-bistum-speyer.de\/index.php?rest_route=\/wp\/v2\/users\/2"}],"replies":[{"embeddable":true,"href":"http:\/\/omnia.alte-messe-bistum-speyer.de\/index.php?rest_route=%2Fwp%2Fv2%2Fcomments&post=898"}],"version-history":[{"count":12,"href":"http:\/\/omnia.alte-messe-bistum-speyer.de\/index.php?rest_route=\/wp\/v2\/posts\/898\/revisions"}],"predecessor-version":[{"id":3504,"href":"http:\/\/omnia.alte-messe-bistum-speyer.de\/index.php?rest_route=\/wp\/v2\/posts\/898\/revisions\/3504"}],"wp:attachment":[{"href":"http:\/\/omnia.alte-messe-bistum-speyer.de\/index.php?rest_route=%2Fwp%2Fv2%2Fmedia&parent=898"}],"wp:term":[{"taxonomy":"category","embeddable":true,"href":"http:\/\/omnia.alte-messe-bistum-speyer.de\/index.php?rest_route=%2Fwp%2Fv2%2Fcategories&post=898"},{"taxonomy":"post_tag","embeddable":true,"href":"http:\/\/omnia.alte-messe-bistum-speyer.de\/index.php?rest_route=%2Fwp%2Fv2%2Ftags&post=898"}],"curies":[{"name":"wp","href":"https:\/\/api.w.org\/{rel}","templated":true}]}}